{"id":5519,"date":"2021-07-01T23:20:43","date_gmt":"2021-07-01T21:20:43","guid":{"rendered":"https:\/\/christliche-mitte.de\/?p=5519"},"modified":"2021-07-02T19:13:33","modified_gmt":"2021-07-02T17:13:33","slug":"bischof-oster-spricht-klar-text","status":"publish","type":"post","link":"https:\/\/christliche-mitte.de\/index.php\/2021\/07\/01\/bischof-oster-spricht-klar-text\/","title":{"rendered":"Bischof Oster spricht Klar-Text"},"content":{"rendered":"\n<p>Die T\u00fcbinger Theologin Johanna Rahner erkl\u00e4rt: Wer nicht f\u00fcr die Gleichberechtigung von Frauen in der Kirche eintritt, sei \u201enichts anderes als ein Rassist\u201c. (DT)<\/p>\n\n\n\n<p>Bischof Stefan Oster, Passau, dazu: \u201eIch bin ziemlich sicher, da\u00df in anderen Berufsfeldern nirgendwo leichtfertig das Wort Rassist gegen die eigenen Auftraggeber gerichtet werden kann.\u201c Und fragt: \u201eBem\u00fche ich mich bei aller Suche nach Wahrheit, in der Liebe zu bleiben, also wenigstens in der grunds\u00e4tzlichen Wertsch\u00e4tzung des anderen als Person?\u201c \u2013 Inzwischen zieht Frau Prof. Rahner den Begriff \u201aRassismus\u2018 f\u00fcr Frauenrechte in der Kirche zur\u00fcck. Bischof Oster erkl\u00e4rt, er wolle keine Drohkulisse aufbauen.<\/p>\n","protected":false},"excerpt":{"rendered":"<p>Die T\u00fcbinger Theologin Johanna Rahner erkl\u00e4rt: Wer nicht f\u00fcr die Gleichberechtigung von Frauen in der Kirche eintritt, sei \u201enichts anderes als ein Rassist\u201c. (DT) Bischof Stefan Oster, Passau, dazu: \u201eIch bin ziemlich sicher, da\u00df in anderen Berufsfeldern nirgendwo leichtfertig das Wort Rassist gegen die eigenen Auftraggeber gerichtet werden kann.\u201c Und fragt: \u201eBem\u00fche ich mich bei&hellip;<\/p>\n","protected":false},"author":1,"featured_media":5522,"comment_status":"closed","ping_status":"closed","sticky":true,"template":"","format":"standard","meta":{"footnotes":""},"categories":[71,4],"tags":[],"class_list":["post-5519","post","type-post","status-publish","format-standard","has-post-thumbnail","hentry","category-christus-glaube","category-kurier-der-christlichen-mitte","entry"],"_links":{"self":[{"href":"https:\/\/christliche-mitte.de\/index.php\/wp-json\/wp\/v2\/posts\/5519","targetHints":{"allow":["GET"]}}],"collection":[{"href":"https:\/\/christliche-mitte.de\/index.php\/wp-json\/wp\/v2\/posts"}],"about":[{"href":"https:\/\/christliche-mitte.de\/index.php\/wp-json\/wp\/v2\/types\/post"}],"author":[{"embeddable":true,"href":"https:\/\/christliche-mitte.de\/index.php\/wp-json\/wp\/v2\/users\/1"}],"replies":[{"embeddable":true,"href":"https:\/\/christliche-mitte.de\/index.php\/wp-json\/wp\/v2\/comments?post=5519"}],"version-history":[{"count":1,"href":"https:\/\/christliche-mitte.de\/index.php\/wp-json\/wp\/v2\/posts\/5519\/revisions"}],"predecessor-version":[{"id":5521,"href":"https:\/\/christliche-mitte.de\/index.php\/wp-json\/wp\/v2\/posts\/5519\/revisions\/5521"}],"wp:featuredmedia":[{"embeddable":true,"href":"https:\/\/christliche-mitte.de\/index.php\/wp-json\/wp\/v2\/media\/5522"}],"wp:attachment":[{"href":"https:\/\/christliche-mitte.de\/index.php\/wp-json\/wp\/v2\/media?parent=5519"}],"wp:term":[{"taxonomy":"category","embeddable":true,"href":"https:\/\/christliche-mitte.de\/index.php\/wp-json\/wp\/v2\/categories?post=5519"},{"taxonomy":"post_tag","embeddable":true,"href":"https:\/\/christliche-mitte.de\/index.php\/wp-json\/wp\/v2\/tags?post=5519"}],"curies":[{"name":"wp","href":"https:\/\/api.w.org\/{rel}","templated":true}]}}