{"id":5436,"date":"2021-06-07T16:46:25","date_gmt":"2021-06-07T14:46:25","guid":{"rendered":"https:\/\/christliche-mitte.de\/?p=5436"},"modified":"2021-06-08T22:15:11","modified_gmt":"2021-06-08T20:15:11","slug":"juni-2021","status":"publish","type":"post","link":"https:\/\/christliche-mitte.de\/index.php\/2021\/06\/07\/juni-2021\/","title":{"rendered":"Juni 2021"},"content":{"rendered":"\n<p class=\"has-pale-cyan-blue-background-color has-background\" style=\"font-size:18px\"><strong>Gib ab, was du nicht brauchst!<\/strong><br><br>Zahlreiche Christen jammern, statt Menschen in Not tatkr\u00e4ftig zu helfen. M\u00f6chten wir im Freien hausen? Oder in einem Metall-Container? <br><strong>Christen m\u00fcssen eingreifen! <\/strong><br><br><strong>Spenden-Konto: CM, Volksbank Lippstadt  Kto.  DE25 4166 0124 0749 7005 00<\/strong><\/p>\n\n\n\n<p class=\"has-pale-cyan-blue-background-color has-background\" style=\"font-size:18px\"><strong>Schweigen unsere Bisch\u00f6fe?<\/strong><br><br>Gegen das Verbot des Vatikan fanden im Mai 2021 an 100 Orten in Deutschland \u201eSegnungs-Gottesdienste\u201c von homosexuellen Paaren statt.<\/p>\n\n\n\n<p class=\"has-pale-cyan-blue-background-color has-background\" style=\"font-size:18px\"><strong>Warnung im Internet<\/strong><br><br>Pater Martin Ramm, FSSP, warnt im Internet zusammen mit der <strong><a href=\"https:\/\/www.aktion-leben.de\/details\/artikel\/aufruf-zum-protest-gegen-die-verwendung-von-zelllinien-von-abgetriebenen-kindern.html?tx_news_pi1%5BactbackPid%5D=374&amp;cHash=ad920f407a894772b3a60c12a8e9de61\">\u201eAktion Leben\u201c<\/a> <\/strong>davor, sich impfen zu lassen. <br>Denn daf\u00fcr werden Zellkulturen eingesetzt, die von <a href=\"https:\/\/www.aktion-leben.de\/details\/artikel\/aufruf-zum-protest-gegen-die-verwendung-von-zelllinien-von-abgetriebenen-kindern.html?tx_news_pi1%5BactbackPid%5D=374&amp;cHash=ad920f407a894772b3a60c12a8e9de61\"><strong>abgetriebenen Kindern<\/strong><\/a> stammen. <br><em>CM-Buch: <strong><a href=\"https:\/\/christliche-mitte.de\/index.php\/produkt\/familie-liebe-glaube-erziehung\/\" data-type=\"product\" data-id=\"5397\">Familie und Glaube<\/a> <\/strong>(5 \u20ac)<\/em><\/p>\n","protected":false},"excerpt":{"rendered":"<p>Gib ab, was du nicht brauchst! Zahlreiche Christen jammern, statt Menschen in Not tatkr\u00e4ftig zu helfen. M\u00f6chten wir im Freien hausen? Oder in einem Metall-Container? Christen m\u00fcssen eingreifen! Spenden-Konto: CM, Volksbank Lippstadt Kto. DE25 4166 0124 0749 7005 00 Schweigen unsere Bisch\u00f6fe? Gegen das Verbot des Vatikan fanden im Mai 2021 an 100 Orten in&hellip;<\/p>\n","protected":false},"author":1,"featured_media":1655,"comment_status":"closed","ping_status":"closed","sticky":true,"template":"","format":"standard","meta":{"footnotes":""},"categories":[22],"tags":[],"class_list":["post-5436","post","type-post","status-publish","format-standard","has-post-thumbnail","hentry","category-kurze-beitraege","entry"],"_links":{"self":[{"href":"https:\/\/christliche-mitte.de\/index.php\/wp-json\/wp\/v2\/posts\/5436","targetHints":{"allow":["GET"]}}],"collection":[{"href":"https:\/\/christliche-mitte.de\/index.php\/wp-json\/wp\/v2\/posts"}],"about":[{"href":"https:\/\/christliche-mitte.de\/index.php\/wp-json\/wp\/v2\/types\/post"}],"author":[{"embeddable":true,"href":"https:\/\/christliche-mitte.de\/index.php\/wp-json\/wp\/v2\/users\/1"}],"replies":[{"embeddable":true,"href":"https:\/\/christliche-mitte.de\/index.php\/wp-json\/wp\/v2\/comments?post=5436"}],"version-history":[{"count":4,"href":"https:\/\/christliche-mitte.de\/index.php\/wp-json\/wp\/v2\/posts\/5436\/revisions"}],"predecessor-version":[{"id":5440,"href":"https:\/\/christliche-mitte.de\/index.php\/wp-json\/wp\/v2\/posts\/5436\/revisions\/5440"}],"wp:featuredmedia":[{"embeddable":true,"href":"https:\/\/christliche-mitte.de\/index.php\/wp-json\/wp\/v2\/media\/1655"}],"wp:attachment":[{"href":"https:\/\/christliche-mitte.de\/index.php\/wp-json\/wp\/v2\/media?parent=5436"}],"wp:term":[{"taxonomy":"category","embeddable":true,"href":"https:\/\/christliche-mitte.de\/index.php\/wp-json\/wp\/v2\/categories?post=5436"},{"taxonomy":"post_tag","embeddable":true,"href":"https:\/\/christliche-mitte.de\/index.php\/wp-json\/wp\/v2\/tags?post=5436"}],"curies":[{"name":"wp","href":"https:\/\/api.w.org\/{rel}","templated":true}]}}