{"id":5342,"date":"2021-05-03T14:18:18","date_gmt":"2021-05-03T12:18:18","guid":{"rendered":"https:\/\/christliche-mitte.de\/?p=5342"},"modified":"2021-05-03T14:21:06","modified_gmt":"2021-05-03T12:21:06","slug":"christus-das-licht-der-welt","status":"publish","type":"post","link":"https:\/\/christliche-mitte.de\/index.php\/2021\/05\/03\/christus-das-licht-der-welt\/","title":{"rendered":"CHRISTUS: Das Licht der Welt"},"content":{"rendered":"\n<p>Sp\u00e4testens seit 2013, nach dem R\u00fccktritt Papst Benedikts und den vielen liturgischen Neuerungen in der Zeit danach, wird immer mehr Menschen klar, da\u00df die Endzeit, die Apokalypse, angebrochen ist.<\/p>\n\n\n\n<p>Ersch\u00fctterung der tradierten ka\u00adtholischen Glaubenslehre durch Interkommunion, Genderismus, Integrationsversuche des Islam und vieles mehr scheinen die Kirche zum Wanken zu bringen. Unmut und Schmerz unter den Gl\u00e4ubigen. Einzelne Priester fei\u00adern Messen im tridentinischen Ri\u00adtus an Orten, wo dies m\u00f6glich ist, und halten so das Glaubensleben aufrecht.<\/p>\n\n\n\n<p><strong>Die Erde bebt<\/strong><\/p>\n\n\n\n<p>Die Zahlen der Opfer sind schon von fr\u00fch her bekannt: Im \u00e4gyptischen Alexandria starben 217 v. CHR. 75.000 Menschen, beim Vesuv-Ausbruch in Pompeji 62 n. CHR. kamen auch erste Christen um, 80.000 Tote z\u00e4hlt das Erdbeben im t\u00fcrkischen Antakya im Jahr 458 und 250.000 Tote im Jahr 526, 130.000 Tote verzeichnet das Beben bei Aleppo im Jahr 533. <br>Warum l\u00e4\u00dft GOTT Erdbeben zu? Sie sind Warnungen und Mahnungen, GOTT und Seine Sch\u00f6pfung nicht durch Schuld und S\u00fcnde zu zerst\u00f6ren. <br>So bebt die Erde drei Stunden, die Gr\u00e4ber \u00f6ffnen sich, der Tempelvorhang rei\u00dft durch, Blitze und Donner ersch\u00fcttern das Weltall, als der unschuldige GOTTES-SOHN am Kreuz auf dem Berg Golgatha stirbt (Lk 23, 44).<\/p>\n\n\n\n<p><strong>\u201eErhebt eure H\u00e4upter!\u201c<\/strong><\/p>\n\n\n\n<p>JESUS sagt uns das Ende mit all seinen Schrecken voraus, verbunden aber immer mit der Aufforderung: <br>\u201eErhebt eure H\u00e4upter! Denn Eure Erl\u00f6sung naht!\u201c (Lk 21, 28) ER meint Seine eigene Wiederkunft am Ende der Zeiten als Weltenrichter.<\/p>\n\n\n\n<p>Das Kreuz wird am Himmel aufleuchten und allen Asyl gew\u00e4hren, die w\u00e4hrend ihres Lebens dem GOTT-Menschen geglaubt, IHN geliebt und auf IHN gehofft haben.<\/p>\n\n\n\n<p>Wer barmherzig war, der wird von IHM Barmherzigkeit erwiesen bekommen, wenn das Endgericht beginnt. Doch bevor CHRISTUS, der Sieger \u00fcber Tod und S\u00fcnde, wiederkommt, mu\u00df die Perversit\u00e4t und Absurdit\u00e4t des B\u00f6sen zum H\u00f6hepunkt kommen, um sich selbst ad absurdum zu f\u00fchren. \u00a0\u00a0\u00a0\u00a0\u00a0\u00a0 <br><strong>Sr. M. Anja<\/strong><\/p>\n\n\n\n<p>CM-Buch: <strong><a href=\"https:\/\/christliche-mitte.de\/index.php\/produkt\/apokalypse-christus-kommt\/\" data-type=\"product\" data-id=\"4979\">Apokalypse<\/a><\/strong> (5 \u20ac)<\/p>\n","protected":false},"excerpt":{"rendered":"<p>Sp\u00e4testens seit 2013, nach dem R\u00fccktritt Papst Benedikts und den vielen liturgischen Neuerungen in der Zeit danach, wird immer mehr Menschen klar, da\u00df die Endzeit, die Apokalypse, angebrochen ist. Ersch\u00fctterung der tradierten ka\u00adtholischen Glaubenslehre durch Interkommunion, Genderismus, Integrationsversuche des Islam und vieles mehr scheinen die Kirche zum Wanken zu bringen. Unmut und Schmerz unter den&hellip;<\/p>\n","protected":false},"author":1,"featured_media":2779,"comment_status":"closed","ping_status":"closed","sticky":true,"template":"","format":"standard","meta":{"footnotes":""},"categories":[71,4],"tags":[],"class_list":["post-5342","post","type-post","status-publish","format-standard","has-post-thumbnail","hentry","category-christus-glaube","category-kurier-der-christlichen-mitte","entry"],"_links":{"self":[{"href":"https:\/\/christliche-mitte.de\/index.php\/wp-json\/wp\/v2\/posts\/5342","targetHints":{"allow":["GET"]}}],"collection":[{"href":"https:\/\/christliche-mitte.de\/index.php\/wp-json\/wp\/v2\/posts"}],"about":[{"href":"https:\/\/christliche-mitte.de\/index.php\/wp-json\/wp\/v2\/types\/post"}],"author":[{"embeddable":true,"href":"https:\/\/christliche-mitte.de\/index.php\/wp-json\/wp\/v2\/users\/1"}],"replies":[{"embeddable":true,"href":"https:\/\/christliche-mitte.de\/index.php\/wp-json\/wp\/v2\/comments?post=5342"}],"version-history":[{"count":1,"href":"https:\/\/christliche-mitte.de\/index.php\/wp-json\/wp\/v2\/posts\/5342\/revisions"}],"predecessor-version":[{"id":5343,"href":"https:\/\/christliche-mitte.de\/index.php\/wp-json\/wp\/v2\/posts\/5342\/revisions\/5343"}],"wp:featuredmedia":[{"embeddable":true,"href":"https:\/\/christliche-mitte.de\/index.php\/wp-json\/wp\/v2\/media\/2779"}],"wp:attachment":[{"href":"https:\/\/christliche-mitte.de\/index.php\/wp-json\/wp\/v2\/media?parent=5342"}],"wp:term":[{"taxonomy":"category","embeddable":true,"href":"https:\/\/christliche-mitte.de\/index.php\/wp-json\/wp\/v2\/categories?post=5342"},{"taxonomy":"post_tag","embeddable":true,"href":"https:\/\/christliche-mitte.de\/index.php\/wp-json\/wp\/v2\/tags?post=5342"}],"curies":[{"name":"wp","href":"https:\/\/api.w.org\/{rel}","templated":true}]}}