{"id":5300,"date":"2021-04-30T14:08:11","date_gmt":"2021-04-30T12:08:11","guid":{"rendered":"https:\/\/christliche-mitte.de\/?p=5300"},"modified":"2021-04-30T14:08:13","modified_gmt":"2021-04-30T12:08:13","slug":"segenswunsch-an-neue-richterin","status":"publish","type":"post","link":"https:\/\/christliche-mitte.de\/index.php\/2021\/04\/30\/segenswunsch-an-neue-richterin\/","title":{"rendered":"Segenswunsch an neue Richterin"},"content":{"rendered":"\n<p class=\"has-light-green-cyan-background-color has-background\">Offener Brief an Frau US-Bundesrichterin Amy Coney Barrett, Washington<\/p>\n\n\n\n<p><strong>Verehrte Frau Barrett!<\/strong><\/p>\n\n\n\n<p>Zu Ihrer Mitgliedschaft im obersten US-Bundesgericht unseren herzlichen Gl\u00fcckwunsch. <br>Sie wissen, welche Hoffnungen auf Ihnen ruhen, und da\u00df viele f\u00fcr Sie beten. Das oberste US-Gericht mu\u00df das trag\u00f6dienhafte Urteil von 1973 zugunsten von Abtreibungen wieder aufrollen. <br>Als Sie Ihren Amtseid im Okto\u00adber 2020 vor dem Wei\u00dfen Haus in Washington ablegen, h\u00e4lt ihr Ehemann die Familien-Bibel, und Sie legen Ihre Linke auf die Bibel. Ein starkes Glaubens-Zeugnis! Im Gespr\u00e4ch erkl\u00e4ren Sie, an eine Neuner-Gruppe gew\u00f6hnt zu sein. Sie meinen Ihre Familie mit 5 leiblichen und 2 adoptierten Kindern, 8 bis 19 Jahre alt. <br>Sie erz\u00e4hlen offen, da\u00df seit Jahren eine Verwandte in der Familie hilft und da\u00df es Ihnen und Ihrem Mann nur m\u00f6glich sei, das zu tun, was Sie tun, da Sie gut bezahlte Berufe haben. Dennoch: Bei verk\u00fcrzter Schlafzeit!<br>Sie waren immer die beste Sch\u00fclerin und die beste Studentin, schon mit 30 Jahren Professorin und ab 2017 Bundesrichterin f\u00fcr 3 US-Staaten. <br>GOTT segne Ihr weiteres Wirken!<br>Ihre KURIER-Redaktion<\/p>\n\n\n\n<p>CM-Buch: <strong><a href=\"https:\/\/christliche-mitte.de\/index.php\/produkt\/familie-und-glaube\/\" data-type=\"product\" target=\"_blank\" rel=\"noreferrer noopener\">Glaube und Familie<\/a> <\/strong>(5 \u20ac)<\/p>\n","protected":false},"excerpt":{"rendered":"<p>Offener Brief an Frau US-Bundesrichterin Amy Coney Barrett, Washington Verehrte Frau Barrett! Zu Ihrer Mitgliedschaft im obersten US-Bundesgericht unseren herzlichen Gl\u00fcckwunsch. Sie wissen, welche Hoffnungen auf Ihnen ruhen, und da\u00df viele f\u00fcr Sie beten. Das oberste US-Gericht mu\u00df das trag\u00f6dienhafte Urteil von 1973 zugunsten von Abtreibungen wieder aufrollen. Als Sie Ihren Amtseid im Okto\u00adber 2020&hellip;<\/p>\n","protected":false},"author":1,"featured_media":5301,"comment_status":"closed","ping_status":"closed","sticky":true,"template":"","format":"standard","meta":{"footnotes":""},"categories":[75,72,21,4],"tags":[],"class_list":["post-5300","post","type-post","status-publish","format-standard","has-post-thumbnail","hentry","category-familie","category-informationen-aus-der-politik","category-religionen","category-kurier-der-christlichen-mitte","entry"],"_links":{"self":[{"href":"https:\/\/christliche-mitte.de\/index.php\/wp-json\/wp\/v2\/posts\/5300","targetHints":{"allow":["GET"]}}],"collection":[{"href":"https:\/\/christliche-mitte.de\/index.php\/wp-json\/wp\/v2\/posts"}],"about":[{"href":"https:\/\/christliche-mitte.de\/index.php\/wp-json\/wp\/v2\/types\/post"}],"author":[{"embeddable":true,"href":"https:\/\/christliche-mitte.de\/index.php\/wp-json\/wp\/v2\/users\/1"}],"replies":[{"embeddable":true,"href":"https:\/\/christliche-mitte.de\/index.php\/wp-json\/wp\/v2\/comments?post=5300"}],"version-history":[{"count":1,"href":"https:\/\/christliche-mitte.de\/index.php\/wp-json\/wp\/v2\/posts\/5300\/revisions"}],"predecessor-version":[{"id":5302,"href":"https:\/\/christliche-mitte.de\/index.php\/wp-json\/wp\/v2\/posts\/5300\/revisions\/5302"}],"wp:featuredmedia":[{"embeddable":true,"href":"https:\/\/christliche-mitte.de\/index.php\/wp-json\/wp\/v2\/media\/5301"}],"wp:attachment":[{"href":"https:\/\/christliche-mitte.de\/index.php\/wp-json\/wp\/v2\/media?parent=5300"}],"wp:term":[{"taxonomy":"category","embeddable":true,"href":"https:\/\/christliche-mitte.de\/index.php\/wp-json\/wp\/v2\/categories?post=5300"},{"taxonomy":"post_tag","embeddable":true,"href":"https:\/\/christliche-mitte.de\/index.php\/wp-json\/wp\/v2\/tags?post=5300"}],"curies":[{"name":"wp","href":"https:\/\/api.w.org\/{rel}","templated":true}]}}