{"id":5169,"date":"2021-03-29T16:28:09","date_gmt":"2021-03-29T14:28:09","guid":{"rendered":"https:\/\/christliche-mitte.de\/?p=5169"},"modified":"2021-03-29T16:28:11","modified_gmt":"2021-03-29T14:28:11","slug":"spahns-sehnsucht-nach-dem-segen","status":"publish","type":"post","link":"https:\/\/christliche-mitte.de\/index.php\/2021\/03\/29\/spahns-sehnsucht-nach-dem-segen\/","title":{"rendered":"Spahns Sehnsucht nach dem Segen?"},"content":{"rendered":"\n<p><strong>Gesundheits-Minister Jens Spahn (CDU<\/strong>) \u00e4u\u00dfert sich zum Umgang der Kirche mit Homosexualit\u00e4t: \u201eDie Kirche segnet auch Motorr\u00e4der und Hamster. Da sollte es auch m\u00f6glich sein, zwei Menschen zu segnen, die versprechen, lebenslang f\u00fcreinander dazusein.\u201c<\/p>\n\n\n\n<p><strong>Die Kirche segnet alles, was sich sachgerecht verh\u00e4lt. <\/strong><br>Doch, was sich nicht sachgerecht verh\u00e4lt, segnet sie nicht. So dient Sexualit\u00e4t zwischen Mann und Frau der Fortpflanzung, <strong>Homosexualit\u00e4t aber nicht. <\/strong>Daher auch kein kirchlicher Segen.<\/p>\n\n\n\n<p class=\"has-pale-pink-background-color has-background\"><strong>Bischof Stefan Oster im Dom von Passau bekr\u00e4ftigt:<\/strong><br>\u201eBiologisch gibt es zwei Ge\u00adschlechter.\u201c Die Kirche verurteilt die S\u00fcnde, nicht den S\u00fcnder, der sich bessern kann und soll. Er kenne homosexuelle Menschen, die sich um Enthaltsamkeit bem\u00fchen und gleichzeitig um die geistliche Verbindung mit CHRISTUS. \u00a0\u00a0\u00a0\u00a0\u00a0\u00a0\u00a0\u00a0 <br><em>Klaus Jerusalem<\/em><\/p>\n\n\n\n<p>CM-Buch: <strong><a href=\"https:\/\/christliche-mitte.de\/index.php\/produkt\/irrwege-des-gluecks\/\" data-type=\"product\" data-id=\"792\">Irrwege des Gl\u00fccks<\/a><\/strong> (5 \u20ac) \/ 100 CM-Flyer: <a href=\"https:\/\/christliche-mitte.de\/index.php\/produkt\/homosexualitaet\/\" data-type=\"product\" data-id=\"3612\"><strong>Homosexualit\u00e4t<\/strong> <\/a>(5 \u20ac)<\/p>\n","protected":false},"excerpt":{"rendered":"<p>Gesundheits-Minister Jens Spahn (CDU) \u00e4u\u00dfert sich zum Umgang der Kirche mit Homosexualit\u00e4t: \u201eDie Kirche segnet auch Motorr\u00e4der und Hamster. Da sollte es auch m\u00f6glich sein, zwei Menschen zu segnen, die versprechen, lebenslang f\u00fcreinander dazusein.\u201c Die Kirche segnet alles, was sich sachgerecht verh\u00e4lt. Doch, was sich nicht sachgerecht verh\u00e4lt, segnet sie nicht. So dient Sexualit\u00e4t zwischen&hellip;<\/p>\n","protected":false},"author":1,"featured_media":2911,"comment_status":"closed","ping_status":"closed","sticky":true,"template":"","format":"standard","meta":{"footnotes":""},"categories":[54,72,21,4],"tags":[],"class_list":["post-5169","post","type-post","status-publish","format-standard","has-post-thumbnail","hentry","category-gender-sexualitaet","category-informationen-aus-der-politik","category-religionen","category-kurier-der-christlichen-mitte","entry"],"_links":{"self":[{"href":"https:\/\/christliche-mitte.de\/index.php\/wp-json\/wp\/v2\/posts\/5169","targetHints":{"allow":["GET"]}}],"collection":[{"href":"https:\/\/christliche-mitte.de\/index.php\/wp-json\/wp\/v2\/posts"}],"about":[{"href":"https:\/\/christliche-mitte.de\/index.php\/wp-json\/wp\/v2\/types\/post"}],"author":[{"embeddable":true,"href":"https:\/\/christliche-mitte.de\/index.php\/wp-json\/wp\/v2\/users\/1"}],"replies":[{"embeddable":true,"href":"https:\/\/christliche-mitte.de\/index.php\/wp-json\/wp\/v2\/comments?post=5169"}],"version-history":[{"count":1,"href":"https:\/\/christliche-mitte.de\/index.php\/wp-json\/wp\/v2\/posts\/5169\/revisions"}],"predecessor-version":[{"id":5170,"href":"https:\/\/christliche-mitte.de\/index.php\/wp-json\/wp\/v2\/posts\/5169\/revisions\/5170"}],"wp:featuredmedia":[{"embeddable":true,"href":"https:\/\/christliche-mitte.de\/index.php\/wp-json\/wp\/v2\/media\/2911"}],"wp:attachment":[{"href":"https:\/\/christliche-mitte.de\/index.php\/wp-json\/wp\/v2\/media?parent=5169"}],"wp:term":[{"taxonomy":"category","embeddable":true,"href":"https:\/\/christliche-mitte.de\/index.php\/wp-json\/wp\/v2\/categories?post=5169"},{"taxonomy":"post_tag","embeddable":true,"href":"https:\/\/christliche-mitte.de\/index.php\/wp-json\/wp\/v2\/tags?post=5169"}],"curies":[{"name":"wp","href":"https:\/\/api.w.org\/{rel}","templated":true}]}}