{"id":5141,"date":"2021-03-29T14:43:33","date_gmt":"2021-03-29T12:43:33","guid":{"rendered":"https:\/\/christliche-mitte.de\/?p=5141"},"modified":"2021-03-29T14:45:25","modified_gmt":"2021-03-29T12:45:25","slug":"baerbel","status":"publish","type":"post","link":"https:\/\/christliche-mitte.de\/index.php\/2021\/03\/29\/baerbel\/","title":{"rendered":"B\u00e4rbel"},"content":{"rendered":"\n<p><\/p>\n\n\n\n<p>Nachdem ich mein Kind durch eine Abtreibung verloren hatte, geriet ich in eine schwere Krise. Ich weinte Tag und Nacht. Nichts konnte mich tr\u00f6sten.<\/p>\n\n\n\n<p>Ich hatte das Leben meines Kindes und mein eigenes Leben zerst\u00f6rt. Kaum war ich noch f\u00e4hig, meine t\u00e4glichen Verrichtungen zu erf\u00fcllen. So vergingen die Jahre, und ich war der ungl\u00fccklichste Mensch der Welt.<\/p>\n\n\n\n<p>Eines Tages bl\u00e4tterte ich in einem Katalog. Und da fiel mir das Bild eines kleinen, reizenden M\u00e4dchens in die Augen. Und der Gedanke scho\u00df mir durch den Kopf: So k\u00f6nnte mein Kind jetzt aussehen, wenn es am Leben geblieben w\u00e4re. Als ich mich wieder gefa\u00dft hatte, schnitt ich das Bild sorgf\u00e4ltig aus. Und seitdem steht es auf meinem Schreibtisch, in einem goldenen Rahmen. T\u00e4glich spreche ich mit meinem Kind und nenne es B\u00e4rbel. Denn ich bin sicher, da\u00df es ein M\u00e4dchen gewesen ist. Und immer wieder bitte ich es um Verzeihung f\u00fcr die furchtbaren Schmerzen, die ich ihm zugef\u00fcgt habe, als sein kleiner K\u00f6rper von einem Schlauch in St\u00fccke gerissen wurde. Und dann ist mir immer so, als wenn es mir vergeben h\u00e4tte.<\/p>\n\n\n\n<p>So habe ich meine B\u00e4rbel doch nicht verloren. Auf wunderbare Weise habe ich sie wiedergefunden und bin voller Dankbarkeit. Gott, du bist gro\u00df. Wunderbar sind deine Wege. Und deine Barmherzigkeit ist grenzenlos.&nbsp;&nbsp;&nbsp;&nbsp;&nbsp;&nbsp;&nbsp;&nbsp;<br><em>Katharina B.<\/em><\/p>\n\n\n\n<p>CM-Brosch\u00fcre: <a href=\"https:\/\/christliche-mitte.de\/index.php\/produkt\/schenk-mit-das-leben\/\" data-type=\"URL\" data-id=\"https:\/\/christliche-mitte.de\/index.php\/produkt\/schenk-mit-das-leben\/\">Schenk mir das Leben<\/a> (5 \u20ac)<\/p>\n","protected":false},"excerpt":{"rendered":"<p>Nachdem ich mein Kind durch eine Abtreibung verloren hatte, geriet ich in eine schwere Krise. Ich weinte Tag und Nacht. Nichts konnte mich tr\u00f6sten. Ich hatte das Leben meines Kindes und mein eigenes Leben zerst\u00f6rt. Kaum war ich noch f\u00e4hig, meine t\u00e4glichen Verrichtungen zu erf\u00fcllen. So vergingen die Jahre, und ich war der ungl\u00fccklichste Mensch&hellip;<\/p>\n","protected":false},"author":1,"featured_media":251,"comment_status":"closed","ping_status":"closed","sticky":true,"template":"","format":"standard","meta":{"footnotes":""},"categories":[63,21,347,4],"tags":[],"class_list":["post-5141","post","type-post","status-publish","format-standard","has-post-thumbnail","hentry","category-lebensschutz-aller-menschen","category-religionen","category-gesundheit","category-kurier-der-christlichen-mitte","entry"],"_links":{"self":[{"href":"https:\/\/christliche-mitte.de\/index.php\/wp-json\/wp\/v2\/posts\/5141","targetHints":{"allow":["GET"]}}],"collection":[{"href":"https:\/\/christliche-mitte.de\/index.php\/wp-json\/wp\/v2\/posts"}],"about":[{"href":"https:\/\/christliche-mitte.de\/index.php\/wp-json\/wp\/v2\/types\/post"}],"author":[{"embeddable":true,"href":"https:\/\/christliche-mitte.de\/index.php\/wp-json\/wp\/v2\/users\/1"}],"replies":[{"embeddable":true,"href":"https:\/\/christliche-mitte.de\/index.php\/wp-json\/wp\/v2\/comments?post=5141"}],"version-history":[{"count":3,"href":"https:\/\/christliche-mitte.de\/index.php\/wp-json\/wp\/v2\/posts\/5141\/revisions"}],"predecessor-version":[{"id":5144,"href":"https:\/\/christliche-mitte.de\/index.php\/wp-json\/wp\/v2\/posts\/5141\/revisions\/5144"}],"wp:featuredmedia":[{"embeddable":true,"href":"https:\/\/christliche-mitte.de\/index.php\/wp-json\/wp\/v2\/media\/251"}],"wp:attachment":[{"href":"https:\/\/christliche-mitte.de\/index.php\/wp-json\/wp\/v2\/media?parent=5141"}],"wp:term":[{"taxonomy":"category","embeddable":true,"href":"https:\/\/christliche-mitte.de\/index.php\/wp-json\/wp\/v2\/categories?post=5141"},{"taxonomy":"post_tag","embeddable":true,"href":"https:\/\/christliche-mitte.de\/index.php\/wp-json\/wp\/v2\/tags?post=5141"}],"curies":[{"name":"wp","href":"https:\/\/api.w.org\/{rel}","templated":true}]}}