{"id":4969,"date":"2021-02-10T19:21:41","date_gmt":"2021-02-10T17:21:41","guid":{"rendered":"https:\/\/christliche-mitte.de\/?p=4969"},"modified":"2021-02-10T19:22:11","modified_gmt":"2021-02-10T17:22:11","slug":"muenchens-sirenen-geschrumpft","status":"publish","type":"post","link":"https:\/\/christliche-mitte.de\/index.php\/2021\/02\/10\/muenchens-sirenen-geschrumpft\/","title":{"rendered":"M\u00fcnchens Sirenen geschrumpft"},"content":{"rendered":"\n<p>M\u00fcnchen hat \u2013 voller Friedens-Hoffnungen \u2013 seine Alarm-Sirenen nach und nach abgebaut. Aber auch andernorts fiel das bundesweite Warngeheul ins Wasser. Das Bundesamt f\u00fcr Bev\u00f6lkerungsschutz rief vergebens einen Warntag aus.<\/p>\n\n\n\n<p>Vorsichtiger sind die Niederlande. Jeden 1. Montag im Monat heulen die 3.800 Sirenen des Landes. In Tschechien jeden ersten Mittwoch. Sch\u00f6n w\u00e4r\u2019s, wir alle brauchten die Sirenen nie mehr. <br>Doch auch fl\u00e4chendeckendes Verteilen von Bibeln und Rosenkr\u00e4nzen gen\u00fcgt nicht. <a href=\"https:\/\/christliche-mitte.de\/index.php\/2021\/02\/10\/in-schweren-zeiten-wie-bete-ich-den-rosenkranz\/\" data-type=\"post\" data-id=\"3759\">Es gibt nichts Gutes, au\u00dfer man tut es.<\/a><\/p>\n","protected":false},"excerpt":{"rendered":"<p>M\u00fcnchen hat \u2013 voller Friedens-Hoffnungen \u2013 seine Alarm-Sirenen nach und nach abgebaut. Aber auch andernorts fiel das bundesweite Warngeheul ins Wasser. Das Bundesamt f\u00fcr Bev\u00f6lkerungsschutz rief vergebens einen Warntag aus. Vorsichtiger sind die Niederlande. Jeden 1. Montag im Monat heulen die 3.800 Sirenen des Landes. In Tschechien jeden ersten Mittwoch. Sch\u00f6n w\u00e4r\u2019s, wir alle brauchten&hellip;<\/p>\n","protected":false},"author":1,"featured_media":0,"comment_status":"closed","ping_status":"closed","sticky":true,"template":"","format":"standard","meta":{"footnotes":""},"categories":[71,21,4],"tags":[],"class_list":["post-4969","post","type-post","status-publish","format-standard","hentry","category-christus-glaube","category-religionen","category-kurier-der-christlichen-mitte","no-post-thumbnail","entry"],"_links":{"self":[{"href":"https:\/\/christliche-mitte.de\/index.php\/wp-json\/wp\/v2\/posts\/4969","targetHints":{"allow":["GET"]}}],"collection":[{"href":"https:\/\/christliche-mitte.de\/index.php\/wp-json\/wp\/v2\/posts"}],"about":[{"href":"https:\/\/christliche-mitte.de\/index.php\/wp-json\/wp\/v2\/types\/post"}],"author":[{"embeddable":true,"href":"https:\/\/christliche-mitte.de\/index.php\/wp-json\/wp\/v2\/users\/1"}],"replies":[{"embeddable":true,"href":"https:\/\/christliche-mitte.de\/index.php\/wp-json\/wp\/v2\/comments?post=4969"}],"version-history":[{"count":1,"href":"https:\/\/christliche-mitte.de\/index.php\/wp-json\/wp\/v2\/posts\/4969\/revisions"}],"predecessor-version":[{"id":4970,"href":"https:\/\/christliche-mitte.de\/index.php\/wp-json\/wp\/v2\/posts\/4969\/revisions\/4970"}],"wp:attachment":[{"href":"https:\/\/christliche-mitte.de\/index.php\/wp-json\/wp\/v2\/media?parent=4969"}],"wp:term":[{"taxonomy":"category","embeddable":true,"href":"https:\/\/christliche-mitte.de\/index.php\/wp-json\/wp\/v2\/categories?post=4969"},{"taxonomy":"post_tag","embeddable":true,"href":"https:\/\/christliche-mitte.de\/index.php\/wp-json\/wp\/v2\/tags?post=4969"}],"curies":[{"name":"wp","href":"https:\/\/api.w.org\/{rel}","templated":true}]}}