{"id":4891,"date":"2021-02-01T21:56:17","date_gmt":"2021-02-01T19:56:17","guid":{"rendered":"https:\/\/christliche-mitte.de\/?p=4891"},"modified":"2021-02-01T22:06:26","modified_gmt":"2021-02-01T20:06:26","slug":"taufe-genuegt-nicht-zur-erstkommunion","status":"publish","type":"post","link":"https:\/\/christliche-mitte.de\/index.php\/2021\/02\/01\/taufe-genuegt-nicht-zur-erstkommunion\/","title":{"rendered":"Taufe gen\u00fcgt nicht zur Erstkommunion"},"content":{"rendered":"\n<p class=\"has-pale-cyan-blue-background-color has-background\">Offener Brief an Herrn Bischof Georg B\u00e4tzing, Limburg, Vorsitzenden der Deutschen Bischofs-Konferenz (DBK)<\/p>\n\n\n\n<p class=\"has-medium-font-size\"><strong>Taufe gen\u00fcgt nicht zur Erstkommunion<\/strong><\/p>\n\n\n\n<p>Hochw\u00fcrdiger Herr Bischof,<\/p>\n\n\n\n<p>als DBK-Vorsitzender halten Sie daran fest: <br>Die Taufe sei die einzige Voraussetzung f\u00fcr den Kommunion-Empfang. <strong>Das ist nicht katholisch!<\/strong><br>Der Kommunikant mu\u00df in der tradierten kath. Lehre unterrichtet sein und die kath. Lehre f\u00fcr wahr halten. JESUS hat Seine Lehre Seiner Apostel-Gemeinschaft anvertraut, und schon das Neue Testament ist aus der Urkirche hervorgegangen.<br><strong>Anders allerdings Martin Luther:<\/strong> \u201eWer aus der Taufe gekrochen, ist Pfarrer, Bischof und Papst zugleich.\u201c Auch das ist nicht katholisch.<br><strong>Interkommunion,<\/strong> welche Sie bef\u00fcrworten, ist nicht m\u00f6glich, da Protestanten ein anderes Eucharistie-Verst\u00e4ndnis haben. JESUS hat eigens Apostel berufen und gesondert belehrt, und das Amtspriestertum ist nicht dem \u201eallgemeinen Priestertum\u201c gleichzusetzen. <br>In Ihrem \u00f6kumenischen Papier wird auch der Glaube an die bleibende Gegenwart CHRISTI \u00fcbergangen. Opfer-Aussagen sollen aus den Me\u00dftexten entfernt werden. Damit w\u00fcrde sich die Kirche in Deutschland aus der Gemeinschaft der Weltkirche herausl\u00f6sen. <br><strong>Bitte nehmen Sie Ihre Hirten-Aufgabe wahr!<\/strong><\/p>\n\n\n\n<p>Mit dem Versprechen des Gebetes! Die best\u00fcrzte KURIER-RedaktionCM-Buch: <strong><a href=\"https:\/\/christliche-mitte.de\/index.php\/produkt\/kinder-fragen-nach-gott\/\" data-type=\"product\" data-id=\"2106\">Kinder fragen nach GOTT <\/a><\/strong>(5 \u20ac)<\/p>\n","protected":false},"excerpt":{"rendered":"<p>Die T<\/p>\n","protected":false},"author":1,"featured_media":4894,"comment_status":"closed","ping_status":"closed","sticky":true,"template":"","format":"standard","meta":{"footnotes":""},"categories":[71,4],"tags":[],"class_list":["post-4891","post","type-post","status-publish","format-standard","has-post-thumbnail","hentry","category-christus-glaube","category-kurier-der-christlichen-mitte","entry"],"_links":{"self":[{"href":"https:\/\/christliche-mitte.de\/index.php\/wp-json\/wp\/v2\/posts\/4891","targetHints":{"allow":["GET"]}}],"collection":[{"href":"https:\/\/christliche-mitte.de\/index.php\/wp-json\/wp\/v2\/posts"}],"about":[{"href":"https:\/\/christliche-mitte.de\/index.php\/wp-json\/wp\/v2\/types\/post"}],"author":[{"embeddable":true,"href":"https:\/\/christliche-mitte.de\/index.php\/wp-json\/wp\/v2\/users\/1"}],"replies":[{"embeddable":true,"href":"https:\/\/christliche-mitte.de\/index.php\/wp-json\/wp\/v2\/comments?post=4891"}],"version-history":[{"count":2,"href":"https:\/\/christliche-mitte.de\/index.php\/wp-json\/wp\/v2\/posts\/4891\/revisions"}],"predecessor-version":[{"id":4895,"href":"https:\/\/christliche-mitte.de\/index.php\/wp-json\/wp\/v2\/posts\/4891\/revisions\/4895"}],"wp:featuredmedia":[{"embeddable":true,"href":"https:\/\/christliche-mitte.de\/index.php\/wp-json\/wp\/v2\/media\/4894"}],"wp:attachment":[{"href":"https:\/\/christliche-mitte.de\/index.php\/wp-json\/wp\/v2\/media?parent=4891"}],"wp:term":[{"taxonomy":"category","embeddable":true,"href":"https:\/\/christliche-mitte.de\/index.php\/wp-json\/wp\/v2\/categories?post=4891"},{"taxonomy":"post_tag","embeddable":true,"href":"https:\/\/christliche-mitte.de\/index.php\/wp-json\/wp\/v2\/tags?post=4891"}],"curies":[{"name":"wp","href":"https:\/\/api.w.org\/{rel}","templated":true}]}}