{"id":4795,"date":"2021-01-07T20:22:15","date_gmt":"2021-01-07T18:22:15","guid":{"rendered":"https:\/\/christliche-mitte.de\/?p=4795"},"modified":"2021-01-07T20:22:17","modified_gmt":"2021-01-07T18:22:17","slug":"bekehrung-eines-zwoelfjaehrigen","status":"publish","type":"post","link":"https:\/\/christliche-mitte.de\/index.php\/2021\/01\/07\/bekehrung-eines-zwoelfjaehrigen\/","title":{"rendered":"Bekehrung eines Zw\u00f6lfj\u00e4hrigen"},"content":{"rendered":"\n<p>Als der muslimische Junge \u2013 der Name ist aus Sicherheitsgr\u00fcnden weggelassen \u2013 mit 12 Jahren wieder in die USA kommt, spuckt er auf jede Kirche. Von Telefon-Pfosten schaut er weg, weil sie die Form eines Kreuzes bilden.<\/p>\n\n\n\n<p>Da h\u00f6rt er eine Predigt im Fernsehen. Pl\u00f6tzlich steht JESUS vor ihm. \u201eIch wei\u00df, da\u00df es JESUS ist, und da\u00df ER GOTTES Sohn ist.\u201c <br>Als ihn sein Vater fragt: \u201eWir sind Muslime oder?\u201c antwortet er mutig: \u201eNein, Papa, ich bin kein Muslim mehr.\u201c<br>Erst fliegt ein Schuh nach ihm, dann wirft der Papa seinen Sohn ganz aus dem Haus. <br>Der Junge berichtet: \u201eIch ziehe zu meiner katholischen Mutter nach Nevada und gehe mit ihr in die Kirche. Mein Leben ist voller Wunder, Freude, Friede und Liebe GOTTES. Warum war ich 6 Jahre lang Muslim? Die Wahrheit hat mich gefunden.<br><em>Helga Ehrenpreis<\/em><\/p>\n\n\n\n<p>CM-Buch: <strong><a href=\"https:\/\/christliche-mitte.de\/index.php\/produkt\/faszination-jesus-menschen-die-ihn-erlebten\/\" data-type=\"product\" data-id=\"2598\">Faszination JESUS<\/a><\/strong> (5 \u20ac)<\/p>\n","protected":false},"excerpt":{"rendered":"<p>Als der muslimische Junge \u2013 der Name ist aus Sicherheitsgr\u00fcnden weggelassen \u2013 mit 12 Jahren wieder in die USA kommt, spuckt er auf jede Kirche. Von Telefon-Pfosten schaut er weg, weil sie die Form eines Kreuzes bilden. Da h\u00f6rt er eine Predigt im Fernsehen. Pl\u00f6tzlich steht JESUS vor ihm. \u201eIch wei\u00df, da\u00df es JESUS ist,&hellip;<\/p>\n","protected":false},"author":1,"featured_media":4163,"comment_status":"closed","ping_status":"closed","sticky":true,"template":"","format":"standard","meta":{"footnotes":""},"categories":[71,70,4],"tags":[],"class_list":["post-4795","post","type-post","status-publish","format-standard","has-post-thumbnail","hentry","category-christus-glaube","category-islam","category-kurier-der-christlichen-mitte","entry"],"_links":{"self":[{"href":"https:\/\/christliche-mitte.de\/index.php\/wp-json\/wp\/v2\/posts\/4795","targetHints":{"allow":["GET"]}}],"collection":[{"href":"https:\/\/christliche-mitte.de\/index.php\/wp-json\/wp\/v2\/posts"}],"about":[{"href":"https:\/\/christliche-mitte.de\/index.php\/wp-json\/wp\/v2\/types\/post"}],"author":[{"embeddable":true,"href":"https:\/\/christliche-mitte.de\/index.php\/wp-json\/wp\/v2\/users\/1"}],"replies":[{"embeddable":true,"href":"https:\/\/christliche-mitte.de\/index.php\/wp-json\/wp\/v2\/comments?post=4795"}],"version-history":[{"count":1,"href":"https:\/\/christliche-mitte.de\/index.php\/wp-json\/wp\/v2\/posts\/4795\/revisions"}],"predecessor-version":[{"id":4796,"href":"https:\/\/christliche-mitte.de\/index.php\/wp-json\/wp\/v2\/posts\/4795\/revisions\/4796"}],"wp:featuredmedia":[{"embeddable":true,"href":"https:\/\/christliche-mitte.de\/index.php\/wp-json\/wp\/v2\/media\/4163"}],"wp:attachment":[{"href":"https:\/\/christliche-mitte.de\/index.php\/wp-json\/wp\/v2\/media?parent=4795"}],"wp:term":[{"taxonomy":"category","embeddable":true,"href":"https:\/\/christliche-mitte.de\/index.php\/wp-json\/wp\/v2\/categories?post=4795"},{"taxonomy":"post_tag","embeddable":true,"href":"https:\/\/christliche-mitte.de\/index.php\/wp-json\/wp\/v2\/tags?post=4795"}],"curies":[{"name":"wp","href":"https:\/\/api.w.org\/{rel}","templated":true}]}}