{"id":4774,"date":"2021-01-07T19:44:03","date_gmt":"2021-01-07T17:44:03","guid":{"rendered":"https:\/\/christliche-mitte.de\/?p=4774"},"modified":"2021-01-07T19:58:41","modified_gmt":"2021-01-07T17:58:41","slug":"polen-feiert-popielucsko","status":"publish","type":"post","link":"https:\/\/christliche-mitte.de\/index.php\/2021\/01\/07\/polen-feiert-popielucsko\/","title":{"rendered":"Polen feiert Popielucsko"},"content":{"rendered":"\n<p>Jerzy Popielucsko starb 1984 als Martyrer-Priester im Freiheits-Kampf gegen den Kommunismus und f\u00fcr ein christlich-katholisches Polen. Heute ehrt die kath. Tradition ihren National-Helden und Seligen.<\/p>\n\n\n\n<p>In den 1960er Jahren wurde auch der junge Theologie-Student Jer\u00adzy Popielucsko in eines der kommunistischen Umerziehungslager in Polen gesperrt: T\u00e4glich, 2 Jahre lang, wurden alle angehenden Priester 8 Stunden lang marxistisch-sozialistisch indoktriniert. <br>Schl\u00e4ge, Verspottung, Barfu\u00df-Laufen waren Teil der Erziehungs-Methoden der Regierung f\u00fcr angehende katholische Priester. Doch Jerzy h\u00e4lt stand. Insgesamt sind sie 219 Theologie-Studenten. <br><br>1972 dann die Priester-Weihe, allerdings erst nach Erholungs-Zeit und einer schweren OP. Als 1980 die Arbeiter-Bewegung Solidarnosc ge\u00adgr\u00fcndet wird, suchen die 10.000 streikenden Arbeiter in Warschau einen Priester, der sie unterst\u00fctzt. Popielucsko feiert die Sonntags-Messen f\u00fcr die Freiheits-K\u00e4mpfer. Doch die UdSSR und das von ihr abh\u00e4ngige Polen reagieren 1981 mit der Ausrufung des Kriegs-Rechts. Solidarnosc wird verboten, Treue zum Kommunismus wird eingefordert. Katholizismus und Kommunismus schlie\u00dfen sich gegenseitig aus. <\/p>\n\n\n\n<p>Dennoch feiert Popielucsko weiter die hl. Messe \u201ef\u00fcr ein katholisches Vaterland\u201c und wird zur Anlaufstelle f\u00fcr politisch Verfolgte. <\/p>\n\n\n\n<p>1983 versucht der Geheimdienst, dem Priester Sprengstoff unterzuschieben, doch es mi\u00dflingt. Bi\u00adschof Dabrowski erreicht Jerzys Freilassung und bietet ihm einen Studien-Aufenthalt in Rom an. Doch der Seelsorger bleibt lieber bei seinen Arbeitern. 1984 wird er von drei Offizieren er\u00admordet. 80.000 Menschen nehmen an seiner Beerdigung teil. 2010 wird Popielucsko seliggesprochen. &nbsp;&nbsp;&nbsp;&nbsp;&nbsp;&nbsp;&nbsp;&nbsp;&nbsp;&nbsp;&nbsp;&nbsp;&nbsp; <br>Sr. M. Anja<\/p>\n\n\n\n<p>CM-Buch: <strong><a href=\"https:\/\/christliche-mitte.de\/index.php\/2018\/04\/08\/abenteuer-kirchengeschichte\/\" data-type=\"post\" data-id=\"1204\">Die Unbesiegbare &#8211; Abenteuer Kirchengeschichte<\/a> <\/strong>(5 \u20ac)<\/p>\n","protected":false},"excerpt":{"rendered":"<p>Jerzy Popielucsko starb 1984 als Martyrer-Priester im Freiheits-Kampf gegen den Kommunismus und f\u00fcr ein christlich-katholisches Polen. Heute ehrt die kath. Tradition ihren National-Helden und Seligen. In den 1960er Jahren wurde auch der junge Theologie-Student Jer\u00adzy Popielucsko in eines der kommunistischen Umerziehungslager in Polen gesperrt: T\u00e4glich, 2 Jahre lang, wurden alle angehenden Priester 8 Stunden lang&hellip;<\/p>\n","protected":false},"author":1,"featured_media":4781,"comment_status":"closed","ping_status":"closed","sticky":true,"template":"","format":"standard","meta":{"footnotes":""},"categories":[71,4],"tags":[],"class_list":["post-4774","post","type-post","status-publish","format-standard","has-post-thumbnail","hentry","category-christus-glaube","category-kurier-der-christlichen-mitte","entry"],"_links":{"self":[{"href":"https:\/\/christliche-mitte.de\/index.php\/wp-json\/wp\/v2\/posts\/4774","targetHints":{"allow":["GET"]}}],"collection":[{"href":"https:\/\/christliche-mitte.de\/index.php\/wp-json\/wp\/v2\/posts"}],"about":[{"href":"https:\/\/christliche-mitte.de\/index.php\/wp-json\/wp\/v2\/types\/post"}],"author":[{"embeddable":true,"href":"https:\/\/christliche-mitte.de\/index.php\/wp-json\/wp\/v2\/users\/1"}],"replies":[{"embeddable":true,"href":"https:\/\/christliche-mitte.de\/index.php\/wp-json\/wp\/v2\/comments?post=4774"}],"version-history":[{"count":2,"href":"https:\/\/christliche-mitte.de\/index.php\/wp-json\/wp\/v2\/posts\/4774\/revisions"}],"predecessor-version":[{"id":4783,"href":"https:\/\/christliche-mitte.de\/index.php\/wp-json\/wp\/v2\/posts\/4774\/revisions\/4783"}],"wp:featuredmedia":[{"embeddable":true,"href":"https:\/\/christliche-mitte.de\/index.php\/wp-json\/wp\/v2\/media\/4781"}],"wp:attachment":[{"href":"https:\/\/christliche-mitte.de\/index.php\/wp-json\/wp\/v2\/media?parent=4774"}],"wp:term":[{"taxonomy":"category","embeddable":true,"href":"https:\/\/christliche-mitte.de\/index.php\/wp-json\/wp\/v2\/categories?post=4774"},{"taxonomy":"post_tag","embeddable":true,"href":"https:\/\/christliche-mitte.de\/index.php\/wp-json\/wp\/v2\/tags?post=4774"}],"curies":[{"name":"wp","href":"https:\/\/api.w.org\/{rel}","templated":true}]}}