{"id":47,"date":"2016-08-11T13:28:30","date_gmt":"2016-08-11T13:28:30","guid":{"rendered":"https:\/\/christliche-mitte.de\/?p=47"},"modified":"2020-02-17T17:25:51","modified_gmt":"2020-02-17T15:25:51","slug":"wofuer-steht-die-christliche-mitte-cm","status":"publish","type":"post","link":"https:\/\/christliche-mitte.de\/index.php\/2016\/08\/11\/wofuer-steht-die-christliche-mitte-cm\/","title":{"rendered":"Wof\u00fcr steht die CHRISTLICHE MITTE (CM)?"},"content":{"rendered":"<p><img loading=\"lazy\" decoding=\"async\" class=\"size-full wp-image-36 alignright\" src=\"https:\/\/christliche-mitte.de\/wp-content\/uploads\/2016\/08\/Logo-CM.jpg\" alt=\"Verein Christliche Mitte\" width=\"281\" height=\"381\">Die CM m\u00f6chte zuerst zur Freude an GOTT ermutigen.<\/p>\n<p>Das Tagessgeschehen, Krankheiten, Arbeitslosigkeit, menschliche Schw\u00e4chen (auch die eigenen) und vieles mehr kann Menschen \u201eaus der Bahn\u201c werfen. Doch: \u201eMit meinem GOTT \u00fcberspringe ich Mauern!\u201c<\/p>\n<p>So tritt die CM daf\u00fcr ein, dass absolut jeder Mensch lebenswert ist &#8211; egal ob krank oder gesund, ob Frau oder Mann, ob alt oder jung, ob ungeboren oder geboren.<\/p>\n<p>Das T\u00f6ten von Kindern im Mutterleib, die Euthanasie (z.B. bei Krankheit oder im Alter) und islamischer Terror sind immer Unrecht!<\/p>\n<p>Die CM schaut nicht weg, wenn Familien, die M\u00fctter oder das Frau\/Mann-Sein des Menschen angegriffen werden \u2013 z.B. durch Gender Mainstreaming, Schulsexualisierung oder die \u201eHomo-Verpartnerung\u201c. In Gesellschaft und Politik soll das Bewusstsein neu geweckt werden, dass die Natur des Menschen geachtet und gesch\u00fctzt werden muss.<\/p>\n<p>Die CM kl\u00e4rt auch \u00fcber viele weitere interessante und aktuelle Themen auf, zum Beispiel \u00fcber die Gefahren esoterischer Medizin, Menschenrechtsverletzungen, Irrwege von Wirtschaft und Politik, weltweite Hilfsprojekte und nicht zuletzt eben \u00fcber GOTT.<\/p>\n<p>Durch die Monatszeitung \u201eKurier der CHRISTLICHEN MITTE\u201c und viele Glaubens- und Sachb\u00fccher soll das \u201eHandwerkszeug\u201c mitgegeben werden, dass jeder Einzelne seinen eigenen Wert als Gottesgesch\u00f6pf erkennen und im Alltag die GOTTES \u2013 und Menschenrechte immer mehr lieben, f\u00f6rdern und verteidigen kann.<\/p>\n<p>Ein starker gesellschaftlicher Einsatz f\u00fcr GOTTES Gebote ist notwendig:<\/p>\n<p>Die Gnade (GOTTES) setzt die Natur (die Mitwirkung des einzelnen Menschen) voraus.<\/p>\n\n\n<p style=\"color:#0d0000\" class=\"has-text-color has-background has-pale-cyan-blue-background-color\"><strong>Grunds\u00e4tzliches zum Verst\u00e4ndnis:<br><\/strong><br><strong>Jeder Mensch ist von GOTT geliebt.<\/strong><br>GOTT ha\u00dft die S\u00fcnde &#8230; und nicht den Menschen.<br><br>Die &#8222;Christliche Mitte&#8220; k\u00e4mpft f\u00fcr ein Deutschland nach GOTTES Geboten. <br><strong>Sie verteidigt die Jahrhunderte alte katholische Sittenlehre.<\/strong><\/p>\n","protected":false},"excerpt":{"rendered":"<p>Die CM m\u00f6chte zuerst zur Freude an GOTT ermutigen. Das Tagessgeschehen, Krankheiten, Arbeitslosigkeit, menschliche Schw\u00e4chen (auch die eigenen) und vieles mehr kann Menschen \u201eaus der Bahn\u201c werfen. Doch: \u201eMit meinem GOTT \u00fcberspringe ich Mauern!\u201c So tritt die CM daf\u00fcr ein, dass absolut jeder Mensch lebenswert ist &#8211; egal ob krank oder gesund, ob Frau oder&hellip;<\/p>\n","protected":false},"author":1,"featured_media":0,"comment_status":"open","ping_status":"open","sticky":false,"template":"","format":"standard","meta":{"footnotes":""},"categories":[3],"tags":[6],"class_list":["post-47","post","type-post","status-publish","format-standard","hentry","category-beitraege","tag-christliche-mitte","no-post-thumbnail","entry"],"_links":{"self":[{"href":"https:\/\/christliche-mitte.de\/index.php\/wp-json\/wp\/v2\/posts\/47","targetHints":{"allow":["GET"]}}],"collection":[{"href":"https:\/\/christliche-mitte.de\/index.php\/wp-json\/wp\/v2\/posts"}],"about":[{"href":"https:\/\/christliche-mitte.de\/index.php\/wp-json\/wp\/v2\/types\/post"}],"author":[{"embeddable":true,"href":"https:\/\/christliche-mitte.de\/index.php\/wp-json\/wp\/v2\/users\/1"}],"replies":[{"embeddable":true,"href":"https:\/\/christliche-mitte.de\/index.php\/wp-json\/wp\/v2\/comments?post=47"}],"version-history":[{"count":4,"href":"https:\/\/christliche-mitte.de\/index.php\/wp-json\/wp\/v2\/posts\/47\/revisions"}],"predecessor-version":[{"id":3561,"href":"https:\/\/christliche-mitte.de\/index.php\/wp-json\/wp\/v2\/posts\/47\/revisions\/3561"}],"wp:attachment":[{"href":"https:\/\/christliche-mitte.de\/index.php\/wp-json\/wp\/v2\/media?parent=47"}],"wp:term":[{"taxonomy":"category","embeddable":true,"href":"https:\/\/christliche-mitte.de\/index.php\/wp-json\/wp\/v2\/categories?post=47"},{"taxonomy":"post_tag","embeddable":true,"href":"https:\/\/christliche-mitte.de\/index.php\/wp-json\/wp\/v2\/tags?post=47"}],"curies":[{"name":"wp","href":"https:\/\/api.w.org\/{rel}","templated":true}]}}