{"id":4685,"date":"2020-12-04T12:56:02","date_gmt":"2020-12-04T10:56:02","guid":{"rendered":"https:\/\/christliche-mitte.de\/?p=4685"},"modified":"2020-12-04T12:56:04","modified_gmt":"2020-12-04T10:56:04","slug":"marschall-koniew-muss-weichen","status":"publish","type":"post","link":"https:\/\/christliche-mitte.de\/index.php\/2020\/12\/04\/marschall-koniew-muss-weichen\/","title":{"rendered":"Marschall Koniew mu\u00df weichen"},"content":{"rendered":"\n<p>Wegen Sowjet-Marschall Iwan Koniew kommt es in Prag zu Demonstrationen. Politiker werden eingesch\u00fcchtert, eine alte sowjetische Masche. Die Statue von Koniew mu\u00df ins Museum.<\/p>\n\n\n\n<p>In Ru\u00dfland gilt Koniew als Befreier Prags von den Deutschen. Viele Tschechen stufen ihn jedoch als Unterdr\u00fccker ein, weil er 1968 den Aufstand des \u201ePrager Fr\u00fchlings\u201c blutig niedergeschlagen hat. Beim jetzigen Streit ging es darum, ob ein Denkmal f\u00fcr den Marschall im 6. Prager Bezirk entfernt wird oder nicht.<\/p>\n\n\n\n<p>CM-Flyer: <strong><a href=\"https:\/\/christliche-mitte.de\/index.php\/produkt\/fuer-ein-deutschland-nach-gottes-geboten\/\" data-type=\"product\" data-id=\"3618\">F\u00fcr ein Deutschland und Europa nach GOTTES Geboten<\/a><\/strong><\/p>\n","protected":false},"excerpt":{"rendered":"<p>Wegen Sowjet-Marschall Iwan Koniew kommt es in Prag zu Demonstrationen. Politiker werden eingesch\u00fcchtert, eine alte sowjetische Masche. Die Statue von Koniew mu\u00df ins Museum. In Ru\u00dfland gilt Koniew als Befreier Prags von den Deutschen. Viele Tschechen stufen ihn jedoch als Unterdr\u00fccker ein, weil er 1968 den Aufstand des \u201ePrager Fr\u00fchlings\u201c blutig niedergeschlagen hat. Beim jetzigen&hellip;<\/p>\n","protected":false},"author":1,"featured_media":0,"comment_status":"closed","ping_status":"closed","sticky":false,"template":"","format":"standard","meta":{"footnotes":""},"categories":[21,4],"tags":[],"class_list":["post-4685","post","type-post","status-publish","format-standard","hentry","category-religionen","category-kurier-der-christlichen-mitte","no-post-thumbnail","entry"],"_links":{"self":[{"href":"https:\/\/christliche-mitte.de\/index.php\/wp-json\/wp\/v2\/posts\/4685","targetHints":{"allow":["GET"]}}],"collection":[{"href":"https:\/\/christliche-mitte.de\/index.php\/wp-json\/wp\/v2\/posts"}],"about":[{"href":"https:\/\/christliche-mitte.de\/index.php\/wp-json\/wp\/v2\/types\/post"}],"author":[{"embeddable":true,"href":"https:\/\/christliche-mitte.de\/index.php\/wp-json\/wp\/v2\/users\/1"}],"replies":[{"embeddable":true,"href":"https:\/\/christliche-mitte.de\/index.php\/wp-json\/wp\/v2\/comments?post=4685"}],"version-history":[{"count":1,"href":"https:\/\/christliche-mitte.de\/index.php\/wp-json\/wp\/v2\/posts\/4685\/revisions"}],"predecessor-version":[{"id":4686,"href":"https:\/\/christliche-mitte.de\/index.php\/wp-json\/wp\/v2\/posts\/4685\/revisions\/4686"}],"wp:attachment":[{"href":"https:\/\/christliche-mitte.de\/index.php\/wp-json\/wp\/v2\/media?parent=4685"}],"wp:term":[{"taxonomy":"category","embeddable":true,"href":"https:\/\/christliche-mitte.de\/index.php\/wp-json\/wp\/v2\/categories?post=4685"},{"taxonomy":"post_tag","embeddable":true,"href":"https:\/\/christliche-mitte.de\/index.php\/wp-json\/wp\/v2\/tags?post=4685"}],"curies":[{"name":"wp","href":"https:\/\/api.w.org\/{rel}","templated":true}]}}