{"id":4668,"date":"2020-12-03T22:50:31","date_gmt":"2020-12-03T20:50:31","guid":{"rendered":"https:\/\/christliche-mitte.de\/?p=4668"},"modified":"2020-12-03T22:50:32","modified_gmt":"2020-12-03T20:50:32","slug":"der-zweck-des-rechts-ist-frieden","status":"publish","type":"post","link":"https:\/\/christliche-mitte.de\/index.php\/2020\/12\/03\/der-zweck-des-rechts-ist-frieden\/","title":{"rendered":"Der Zweck des Rechts ist Frieden!"},"content":{"rendered":"\n<p><strong>Jede menschliche Gemeinschaft braucht Frieden<\/strong>, sonst kann sie nicht bestehen. Deshalb ist das gesamte Recht auf den Frieden hingeordnet. Aber nur der \u00f6ffentliche Frieden ist Gegenstand des Rechts, nicht der innere Frieden des Einzelnen.<\/p>\n\n\n\n<p>Es mag zun\u00e4chst fragw\u00fcrdig erscheinen, da\u00df das gesamte Recht einem einzigen Zweck dienen sollte. Doch beim zweiten Blick ist genau das erwartbar. So dienen ja auch unz\u00e4hlige Mittel und Methoden dem einen Zweck: der Gesundheit. <br><strong>Der Frieden in einer Gesellschaft<\/strong> ist immer unvollkommen und br\u00fcchig. Jederzeit kann er zwischen Einzelnen oder in der \u00d6ffentlichkeit zerst\u00f6rt werden. Auch beim Frieden gibt es keine Sicherheit. Gerechtigkeit ist nicht der letzte Zweck des Rechts. Doch Frieden ist eine Folge der Gerechtigkeit. <br><strong>Ein alter Spruch lautet: <\/strong>Gerechtigkeit schafft Frieden.<\/p>\n\n\n\n<p><strong>Wenn Frieden nicht m\u00f6glich ist<\/strong>, dann aber doch oft Ruhe, d. h. Waffenstillstand. Besser eine schlechte Ruhe als ein guter Krieg. <br><br><strong>Auch Moral ist nicht <\/strong>der letzte Zweck des Rechts, wie viele meinen. Die Moral des B\u00fcrgers geht das Recht nichts an. Nur wenn sie \u00f6ffentlich wird durch Diebstahl, Einbruch, Betrug, Mord usw., st\u00f6rt sie den \u00f6ffentlichen Frieden und ruft das Recht auf den Plan. <br><strong>W\u00e4re die Moral <\/strong>Zweck des Rechts, h\u00e4tte der B\u00fcrger keine Freiheit mehr, sein Privatleben w\u00e4re \u00f6ffentlich, und das Recht, d.h. der Staat, w\u00e4re totalit\u00e4r, allgegenw\u00e4rtig und allm\u00e4chtig.<br><strong>In islamischen L\u00e4ndern<\/strong> zieht die sog. Scharia-Polizei durch die Stra\u00dfen und \u00fcberwacht das Leben der Menschen. Auch in Deutschland ist das schon vorgekommen. Manche Leute meinen, der Zweck des Rechts sei, f\u00fcr Ordnung in einem Land zu sorgen. Das ist richtig. <br><strong>Aber Ordnung ist kein Selbstzweck<\/strong>, sondern um des sozialen Friedens willen da. Nat\u00fcrlich dient nicht jeder Rechts-Satz dem Frieden. Deshalb kann Goethe auch sagen: \u201eEs erben sich Gesetz und Recht wie eine ewige Krankheit fort.\u201c <br>Vielleicht wird der Frieden als Zweck des Rechts nirgendwo so klar wie beim V\u00f6lker-Recht. Worum soll es denn bei den Beziehungen zweier V\u00f6lker anders gehen als um den Frieden? <br><strong>Ein Recht, das nicht dem Frieden dient, <\/strong>ist \u00fcberfl\u00fcssig, sch\u00e4dlich oder sogar verbrecherisch. <br><strong>Wenn ein Recht, z.B. die T\u00f6tung kleiner Kinder, erlaubt wird, dient es nicht dem Frieden, sondern dem Krieg<\/strong>. Ein solches Recht ist ein Verbrechen und eine Schande f\u00fcr einen Rechts-Staat.\u00a0\u00a0\u00a0\u00a0\u00a0\u00a0\u00a0\u00a0\u00a0\u00a0\u00a0\u00a0\u00a0\u00a0 <em>Werner J. Mertensacker<\/em><\/p>\n\n\n\n<p>CM-Buch: <strong>Islam im Zeugnis von Heiligen und Bekennern<\/strong> (5 \u20ac)<\/p>\n","protected":false},"excerpt":{"rendered":"<p>Jede menschliche Gemeinschaft braucht Frieden, sonst kann sie nicht bestehen. Deshalb ist das gesamte Recht auf den Frieden hingeordnet. Aber nur der \u00f6ffentliche Frieden ist Gegenstand des Rechts, nicht der innere Frieden des Einzelnen. Es mag zun\u00e4chst fragw\u00fcrdig erscheinen, da\u00df das gesamte Recht einem einzigen Zweck dienen sollte. Doch beim zweiten Blick ist genau das&hellip;<\/p>\n","protected":false},"author":1,"featured_media":0,"comment_status":"closed","ping_status":"closed","sticky":true,"template":"","format":"standard","meta":{"footnotes":""},"categories":[72,21,4],"tags":[],"class_list":["post-4668","post","type-post","status-publish","format-standard","hentry","category-informationen-aus-der-politik","category-religionen","category-kurier-der-christlichen-mitte","no-post-thumbnail","entry"],"_links":{"self":[{"href":"https:\/\/christliche-mitte.de\/index.php\/wp-json\/wp\/v2\/posts\/4668","targetHints":{"allow":["GET"]}}],"collection":[{"href":"https:\/\/christliche-mitte.de\/index.php\/wp-json\/wp\/v2\/posts"}],"about":[{"href":"https:\/\/christliche-mitte.de\/index.php\/wp-json\/wp\/v2\/types\/post"}],"author":[{"embeddable":true,"href":"https:\/\/christliche-mitte.de\/index.php\/wp-json\/wp\/v2\/users\/1"}],"replies":[{"embeddable":true,"href":"https:\/\/christliche-mitte.de\/index.php\/wp-json\/wp\/v2\/comments?post=4668"}],"version-history":[{"count":1,"href":"https:\/\/christliche-mitte.de\/index.php\/wp-json\/wp\/v2\/posts\/4668\/revisions"}],"predecessor-version":[{"id":4669,"href":"https:\/\/christliche-mitte.de\/index.php\/wp-json\/wp\/v2\/posts\/4668\/revisions\/4669"}],"wp:attachment":[{"href":"https:\/\/christliche-mitte.de\/index.php\/wp-json\/wp\/v2\/media?parent=4668"}],"wp:term":[{"taxonomy":"category","embeddable":true,"href":"https:\/\/christliche-mitte.de\/index.php\/wp-json\/wp\/v2\/categories?post=4668"},{"taxonomy":"post_tag","embeddable":true,"href":"https:\/\/christliche-mitte.de\/index.php\/wp-json\/wp\/v2\/tags?post=4668"}],"curies":[{"name":"wp","href":"https:\/\/api.w.org\/{rel}","templated":true}]}}