{"id":4661,"date":"2020-12-03T22:26:09","date_gmt":"2020-12-03T20:26:09","guid":{"rendered":"https:\/\/christliche-mitte.de\/?p=4661"},"modified":"2020-12-03T22:26:11","modified_gmt":"2020-12-03T20:26:11","slug":"der-erste-adventskranz","status":"publish","type":"post","link":"https:\/\/christliche-mitte.de\/index.php\/2020\/12\/03\/der-erste-adventskranz\/","title":{"rendered":"Der erste Adventskranz"},"content":{"rendered":"\n<p>In Hamburgs Johanneum, der ber\u00fchmten Lateinschule, unterrichtet Johann Hinrich Wichern (1808-1881) Sch\u00fcler auch im Griechischen, der Sprache der Evangelien, und im Klavierspielen. Sein Vater, Notar und \u00dcbersetzer aus 10 Sprachen, beginnt als K\u00fcfer und Mietkutscher. Doch als Johann Hinrich 15 ist, bisher schulschwach, begreift er seine Verantwortung f\u00fcr sechs j\u00fcngere Geschwister.<\/p>\n\n\n\n<p>Die Mutter k\u00e4mpft als W\u00e4scherin ums \u00dcberleben der Familie. Als Hinrich 18 ist, gibt er w\u00f6chentlich 50 Stunden in einem Internat und h\u00f6rt 7 Kollegs an der Universit\u00e4t. Dennoch nimmt er sich Zeit f\u00fcr sein Tagebuch und betet f\u00fcr Anvertraute. Auch eigener Fehler \u2013 Stolz, Wehleidigkeit, J\u00e4hzorn \u2013 klagt er sich an. Er will \u201eMenschenfischer\u201c werden.<\/p>\n\n\n\n<p>Als Wichern 20 ist, beginnt er in G\u00f6ttingen protestantische Theologie zu studieren, wechselt aber nach Berlin. 24 Jahre alt, 1832, wird er Jugend-Pastor im zentralen Hamburger Stadtteil St. Georg.<\/p>\n\n\n\n<p><strong>Kinder als Zuh\u00e4lter<\/strong><\/p>\n\n\n\n<p>Dort findet er in Kellerwohnungen und Bodenkammern zerlumpte, bettelnde Jungen, die sich als Zuh\u00e4lter versuchen. Ein Jahr sp\u00e4ter er\u00f6ffnet er nahe bei Hamburg das \u201eRauhe Haus\u201c. Die Jungen schnitzen Holzpantinen, arbeiten in Garten und K\u00fcche, flicken ihre Kleidung, backen Brot, f\u00fcttern das Vieh und betreuen ihre Bienen. Eine Buchdruckerei entsteht. Johann Hinrich Wichern darf der Erfinder von Kinderd\u00f6rfern genannt werden. Jede Familiengruppe hat bis zu 12 Kinder. Die Jungen k\u00f6nnen Schuster oder Tischler werden, Schneider oder Drechsler, Spinner, Glaser oder Maler oder auch Drucker oder Bauern. Sobald Wichern heiratet, werden auch M\u00e4dchen aufgenommen. Morgens und abends h\u00e4lt der Geistliche eine kurze Andacht.<\/p>\n\n\n\n<p><strong>Der erste Adventskranz<\/strong><\/p>\n\n\n\n<p>1839 l\u00e4\u00dft Wichern, inzwischen 31 Jahre alt, in seiner Reetdach-Kate ein altes Kutschenrad aufh\u00e4ngen und daran 19 rote und 4 wei\u00dfe Kerzen festmachen, letztere f\u00fcr die Adventssonntage, dazu frische Tannenzweige. Das ist der erste Adventskranz, der sp\u00e4ter in den Gemeinden aller Konfessionen \u00fcblich wird. 1845 werden 35 junge M\u00e4nner als \u201eBr\u00fcder\u201c ausgebildet. 25 sind bereits ausgesandt f\u00fcr die \u201eInnere Mission\u201c, die Pastor Wichern begr\u00fcndet hat.<\/p>\n\n\n\n<p><strong>Heidnische Christen<\/strong><\/p>\n\n\n\n<p>\u00d6ffentlich findet der inzwischen bekannte Jugend-Seelsorger scharfe Worte: Es gibt \u201einmitten der getauften Christenheit eine Gesinnung und Lebensgestaltung, die nicht christlich, sondern heidnisch ist.\u201c Die Kirche solle mitten in der Welt stehen und sich nicht auf das \u201erein Religi\u00f6se\u201c beschr\u00e4nken. Seit 1854 gibt Wichern, inzwischen 46, monatlich \u201eFliegende Bl\u00e4tter\u201c heraus. Als man ihm vorwirft, Umgang mit dem \u201eAuswurf der Menschheit\u201c stumpfe ab, erwidert er nur, das sehe man ja an ihm selbst. Entschlossen setzt er den Anfang einer Gef\u00e4ngnis-Reform durch, als er einen Raum entdeckt, in dem 100 M\u00e4nner, Frauen und Kinder zusammengesperrt sind. Doch eine gro\u00dfe Reform bleibt ihm versagt. Liberale und Linke im Parlament wollen nicht, da\u00df \u201eBetbr\u00fcder\u201c Einflu\u00df erlangen.<\/p>\n\n\n\n<p><strong>\u00d6kumenisches Hilfswerk<\/strong><\/p>\n\n\n\n<p>Wo Wichern in anderen Konfessionen den \u201eGeist des Evangeliums\u201c erkennt, scheut er nicht, sich daran zu freuen. So urteilt er: \u201eEs ist ein entsetzlicher Verlust, da\u00df die Reformation die Orden (und Barmherzigen Schwestern) \u00fcber Bord geworfen.\u201c Als eine Typhus-Epidemie in Oberschlesien 9.000 Kinder ihrer Eltern beraubt, organisiert Wichern gemeinsam mit Katholiken ein Hilfswerk. Er entwirft Pl\u00e4ne f\u00fcr Waisenh\u00e4user und Br\u00fcder-Ausbildung, denen Breslaus F\u00fcrstbischof Melchior von Diepenbrock zustimmt: Dieser entsendet 7 Lehrer, die im \u201eRauhen Haus\u201c lernen, wie sie Waisen besser helfen k\u00f6nnen. Als Ursache des Kommunismus nennt Wichern Frivolit\u00e4t der Sitten, Habsucht, F\u00f6rderung des Unglaubens, Verw\u00fcstung des Volkes. Denn auch Kinder m\u00fcssen t\u00e4glich 14 Stunden f\u00fcr einen Hungerlohn arbeiten. Die Macht des Stimmzettels erkennt Wichern jedoch nicht.<br><em>Pfr. Winfried Pietrek<\/em><\/p>\n\n\n\n<p>CM-Buch: <strong><a href=\"https:\/\/christliche-mitte.de\/index.php\/produkt\/grosse-deutsche-fuer-gott-und-das-vaterland\/\" data-type=\"product\" data-id=\"4532\">Gro\u00dfe Deutsche<\/a><\/strong> (5 \u20ac)<\/p>\n","protected":false},"excerpt":{"rendered":"<p>In Hamburgs Johanneum, der ber\u00fchmten Lateinschule, unterrichtet Johann Hinrich Wichern (1808-1881) Sch\u00fcler auch im Griechischen, der Sprache der Evangelien, und im Klavierspielen. Sein Vater, Notar und \u00dcbersetzer aus 10 Sprachen, beginnt als K\u00fcfer und Mietkutscher. Doch als Johann Hinrich 15 ist, bisher schulschwach, begreift er seine Verantwortung f\u00fcr sechs j\u00fcngere Geschwister. Die Mutter k\u00e4mpft als&hellip;<\/p>\n","protected":false},"author":1,"featured_media":0,"comment_status":"closed","ping_status":"closed","sticky":true,"template":"","format":"standard","meta":{"footnotes":""},"categories":[21,4],"tags":[],"class_list":["post-4661","post","type-post","status-publish","format-standard","hentry","category-religionen","category-kurier-der-christlichen-mitte","no-post-thumbnail","entry"],"_links":{"self":[{"href":"https:\/\/christliche-mitte.de\/index.php\/wp-json\/wp\/v2\/posts\/4661","targetHints":{"allow":["GET"]}}],"collection":[{"href":"https:\/\/christliche-mitte.de\/index.php\/wp-json\/wp\/v2\/posts"}],"about":[{"href":"https:\/\/christliche-mitte.de\/index.php\/wp-json\/wp\/v2\/types\/post"}],"author":[{"embeddable":true,"href":"https:\/\/christliche-mitte.de\/index.php\/wp-json\/wp\/v2\/users\/1"}],"replies":[{"embeddable":true,"href":"https:\/\/christliche-mitte.de\/index.php\/wp-json\/wp\/v2\/comments?post=4661"}],"version-history":[{"count":1,"href":"https:\/\/christliche-mitte.de\/index.php\/wp-json\/wp\/v2\/posts\/4661\/revisions"}],"predecessor-version":[{"id":4662,"href":"https:\/\/christliche-mitte.de\/index.php\/wp-json\/wp\/v2\/posts\/4661\/revisions\/4662"}],"wp:attachment":[{"href":"https:\/\/christliche-mitte.de\/index.php\/wp-json\/wp\/v2\/media?parent=4661"}],"wp:term":[{"taxonomy":"category","embeddable":true,"href":"https:\/\/christliche-mitte.de\/index.php\/wp-json\/wp\/v2\/categories?post=4661"},{"taxonomy":"post_tag","embeddable":true,"href":"https:\/\/christliche-mitte.de\/index.php\/wp-json\/wp\/v2\/tags?post=4661"}],"curies":[{"name":"wp","href":"https:\/\/api.w.org\/{rel}","templated":true}]}}