{"id":4381,"date":"2020-09-29T23:09:06","date_gmt":"2020-09-29T21:09:06","guid":{"rendered":"https:\/\/christliche-mitte.de\/?p=4381"},"modified":"2025-09-22T12:22:32","modified_gmt":"2025-09-22T10:22:32","slug":"deutschland-nicht-kampflos-preisgeben","status":"publish","type":"post","link":"https:\/\/christliche-mitte.de\/index.php\/2020\/09\/29\/deutschland-nicht-kampflos-preisgeben\/","title":{"rendered":"Deutschland nicht kampflos preisgeben!"},"content":{"rendered":"\n<p>Sehr geehrter Herr Ludwig. S.!<\/p>\n\n\n\n<p>Ihr Brief hat uns Freude gemacht und ermutigt. Sie berichten, wie Sie sich f\u00fcr Evangelisation eingesetzt haben und schreiben: <br>K\u00fcrzlich bestellte ich bei Ihnen ein Buchpaket mit allen CM-B\u00fcchern. Ich will jederzeit passende Buch-Geschenke zur Hand haben. Zwei besondere Erlebnisse hatte ich bei meinen Geschenk-Aktionen: Das Buch \u201eKinder fragen nach GOTT\u201c schenkte ich einem Jungen in unserer Stra\u00dfe. Nach seiner Erstkommunion hatte ich ihn nie wieder bei uns in der Kirche gesehen. Seitdem ich ihm dann das Buch schenkte, gr\u00fc\u00dfen mich seine Eltern nicht mehr. Der Junge aber gr\u00fc\u00dft freundlich.<\/p>\n\n\n\n<p>Und ein zweites Erlebnis: <br>Ein Bekannter, der nicht an JESUS als GOTTES Sohn glaubt, erhielt von mir das JESUS-Buch. Dabei warnte ich ihn vor der Lekt\u00fcre. Er lachte nur, nahm aber das B\u00fcchlein an. Sp\u00e4ter \u00e4u\u00dferte er: \u201eDas hat mich sehr nachdenklich gemacht.\u201c W\u00e4hrend er das JESUS-Buch las, habe ich \u00f6fters f\u00fcr ihn gebetet. GOTT ist ja der, der bekehrt.<\/p>\n\n\n\n<p>Das berichte ich Ihnen, der KURIER-Redaktion, damit Sie anderen Lesern Mut machen, sich auch auf diesem Gebiet zu bet\u00e4tigen. Ohne Mi\u00dferfolge geht es allerdings nicht. Doch wir d\u00fcrfen antichristlichen Bewegungen wie dem Islam nicht kampflos das Feld \u00fcberlassen. Ludwig S.<\/p>\n\n\n\n<p>Die KURIER-Redaktion dankt!<\/p>\n\n\n\n<p>CM-Buch: <a href=\"https:\/\/christliche-mitte.de\/index.php\/produkt\/kinder-fragen-nach-gott\/\" data-type=\"product\" data-id=\"2106\"><strong>Kinder fragen nach GOTT <\/strong><\/a>(5 \u20ac)<\/p>\n","protected":false},"excerpt":{"rendered":"<p>Sehr geehrter Herr Ludwig. S.! Ihr Brief hat uns Freude gemacht und ermutigt. Sie berichten, wie Sie sich f\u00fcr Evangelisation eingesetzt haben und schreiben: K\u00fcrzlich bestellte ich bei Ihnen ein Buchpaket mit allen CM-B\u00fcchern. Ich will jederzeit passende Buch-Geschenke zur Hand haben. Zwei besondere Erlebnisse hatte ich bei meinen Geschenk-Aktionen: Das Buch \u201eKinder fragen nach&hellip;<\/p>\n","protected":false},"author":1,"featured_media":0,"comment_status":"closed","ping_status":"closed","sticky":false,"template":"","format":"standard","meta":{"footnotes":""},"categories":[71,73],"tags":[],"class_list":["post-4381","post","type-post","status-publish","format-standard","hentry","category-christus-glaube","category-veroeffentlichen-von-leserfragen-und-antworten","no-post-thumbnail","entry"],"_links":{"self":[{"href":"https:\/\/christliche-mitte.de\/index.php\/wp-json\/wp\/v2\/posts\/4381","targetHints":{"allow":["GET"]}}],"collection":[{"href":"https:\/\/christliche-mitte.de\/index.php\/wp-json\/wp\/v2\/posts"}],"about":[{"href":"https:\/\/christliche-mitte.de\/index.php\/wp-json\/wp\/v2\/types\/post"}],"author":[{"embeddable":true,"href":"https:\/\/christliche-mitte.de\/index.php\/wp-json\/wp\/v2\/users\/1"}],"replies":[{"embeddable":true,"href":"https:\/\/christliche-mitte.de\/index.php\/wp-json\/wp\/v2\/comments?post=4381"}],"version-history":[{"count":1,"href":"https:\/\/christliche-mitte.de\/index.php\/wp-json\/wp\/v2\/posts\/4381\/revisions"}],"predecessor-version":[{"id":4382,"href":"https:\/\/christliche-mitte.de\/index.php\/wp-json\/wp\/v2\/posts\/4381\/revisions\/4382"}],"wp:attachment":[{"href":"https:\/\/christliche-mitte.de\/index.php\/wp-json\/wp\/v2\/media?parent=4381"}],"wp:term":[{"taxonomy":"category","embeddable":true,"href":"https:\/\/christliche-mitte.de\/index.php\/wp-json\/wp\/v2\/categories?post=4381"},{"taxonomy":"post_tag","embeddable":true,"href":"https:\/\/christliche-mitte.de\/index.php\/wp-json\/wp\/v2\/tags?post=4381"}],"curies":[{"name":"wp","href":"https:\/\/api.w.org\/{rel}","templated":true}]}}