{"id":420,"date":"2017-10-28T18:43:44","date_gmt":"2017-10-28T16:43:44","guid":{"rendered":"https:\/\/christliche-mitte.de\/?p=420"},"modified":"2017-10-28T18:44:02","modified_gmt":"2017-10-28T16:44:02","slug":"kreuzzeichen-oeffentlich","status":"publish","type":"post","link":"https:\/\/christliche-mitte.de\/index.php\/2017\/10\/28\/kreuzzeichen-oeffentlich\/","title":{"rendered":"Kreuzzeichen \u2013 \u00f6ffentlich?"},"content":{"rendered":"<p lang=\"de-DE\" align=\"JUSTIFY\"><span style=\"color: #000000;\"><span style=\"font-family: Palatino Linotype Bold,serif;\"><span style=\"font-size: small;\">Wenn mein Vater mit mir in Hamburg an einer katholischen Kirche vorbeiging, belehrte er mich durch sein Beispiel.<\/span><\/span><\/span><\/p>\n<p lang=\"de-DE\" align=\"JUSTIFY\"><span style=\"color: #000000;\">\u201e<span style=\"font-family: Palatino Linotype,serif;\"><span style=\"font-size: small;\"><span lang=\"de-DE\">Hier ist JESUS im Tabernakel gegenw\u00e4rtig\u201c, sagte er und bekreuzigte sich. Wer das Kreuzzeichen macht, bei Sportlern hoch ger\u00fchmt, empf\u00e4ngt keine Muskel-, sondern seelische Kraft. Als ich sp\u00e4ter als Student in einer Hamburger Werkskantine vor Tisch das Kreuzzeichen machte, gab es Diskussionen unter den Arbeitern. Ein zuk\u00fcnftiger protestantischer Theologe verteidigte mich. Wenn wir unsere Stirn ber\u00fchren und \u201eim Namen des VATERS\u201c sagen, denken wir an den Sch\u00f6pfer. Wenn wir \u201eund des SOHNES\u201c sagen, ber\u00fchren wir die Mitte unserer Person. Bei den Worten \u201eund des HEILIGEN GEISTES\u201c bezeichnen wir unser Herz, die Tiefe unseres Lebens, die allein GOTT durchdringt. Mit diesen Worten ist jeder Christ getauft, erinnert sich so an seine Taufe und wird in ihr best\u00e4rkt. <\/span><span style=\"font-family: Palatino Linotype Bold,serif;\"><span lang=\"de-DE\">\u00d6ffentlich machen wir auch anderen Mut zu JESUS.<\/span><\/span><br \/>\nPater Winfried Pietrek<span style=\"font-family: Palatino Linotype Italic,serif;\"><span lang=\"de-DE\"><br \/>\nVerteil-Flugblatt \u201eKreuz\u201c<\/span><\/span><\/span><\/span><\/span><\/p>\n","protected":false},"excerpt":{"rendered":"<p>Wenn mein Vater mit mir in Hamburg an einer katholischen Kirche vorbeiging, belehrte er mich durch sein Beispiel. \u201eHier ist JESUS im Tabernakel gegenw\u00e4rtig\u201c, sagte er und bekreuzigte sich. Wer das Kreuzzeichen macht, bei Sportlern hoch ger\u00fchmt, empf\u00e4ngt keine Muskel-, sondern seelische Kraft. Als ich sp\u00e4ter als Student in einer Hamburger Werkskantine vor Tisch das&hellip;<\/p>\n","protected":false},"author":1,"featured_media":0,"comment_status":"open","ping_status":"open","sticky":false,"template":"","format":"standard","meta":{"footnotes":""},"categories":[71],"tags":[],"class_list":["post-420","post","type-post","status-publish","format-standard","hentry","category-christus-glaube","no-post-thumbnail","entry"],"_links":{"self":[{"href":"https:\/\/christliche-mitte.de\/index.php\/wp-json\/wp\/v2\/posts\/420","targetHints":{"allow":["GET"]}}],"collection":[{"href":"https:\/\/christliche-mitte.de\/index.php\/wp-json\/wp\/v2\/posts"}],"about":[{"href":"https:\/\/christliche-mitte.de\/index.php\/wp-json\/wp\/v2\/types\/post"}],"author":[{"embeddable":true,"href":"https:\/\/christliche-mitte.de\/index.php\/wp-json\/wp\/v2\/users\/1"}],"replies":[{"embeddable":true,"href":"https:\/\/christliche-mitte.de\/index.php\/wp-json\/wp\/v2\/comments?post=420"}],"version-history":[{"count":1,"href":"https:\/\/christliche-mitte.de\/index.php\/wp-json\/wp\/v2\/posts\/420\/revisions"}],"predecessor-version":[{"id":421,"href":"https:\/\/christliche-mitte.de\/index.php\/wp-json\/wp\/v2\/posts\/420\/revisions\/421"}],"wp:attachment":[{"href":"https:\/\/christliche-mitte.de\/index.php\/wp-json\/wp\/v2\/media?parent=420"}],"wp:term":[{"taxonomy":"category","embeddable":true,"href":"https:\/\/christliche-mitte.de\/index.php\/wp-json\/wp\/v2\/categories?post=420"},{"taxonomy":"post_tag","embeddable":true,"href":"https:\/\/christliche-mitte.de\/index.php\/wp-json\/wp\/v2\/tags?post=420"}],"curies":[{"name":"wp","href":"https:\/\/api.w.org\/{rel}","templated":true}]}}