{"id":4180,"date":"2020-07-31T22:15:40","date_gmt":"2020-07-31T20:15:40","guid":{"rendered":"https:\/\/christliche-mitte.de\/?p=4180"},"modified":"2020-07-31T22:15:42","modified_gmt":"2020-07-31T20:15:42","slug":"die-einsamen-messen","status":"publish","type":"post","link":"https:\/\/christliche-mitte.de\/index.php\/2020\/07\/31\/die-einsamen-messen\/","title":{"rendered":"Die einsamen Messen"},"content":{"rendered":"\n<p>In diesen Monaten feierte mancher Priester, nur von einem Ministrierenden begleitet, oft einsam das heilige Me\u00dfopfer. So erf\u00fcllt er den Auftrag JESU: \u201eTut das zu Meinem Ged\u00e4chtnis!\u201c (Lk 22,19). Die Me\u00dffeier: Zuerst zu GOTTES Ehre und zur S\u00fchne f\u00fcr unsere Schuld.<\/p>\n\n\n\n<p>Deshalb ist jedes Me\u00dfopfer, unabh\u00e4ngig von der Zahl der Mitfeiernden, unendlich sinnvoll und notwendig. Im klassischen Ritus existiert die \u201eStillmesse\u201c. Sie h\u00e4lt das Bewu\u00dftsein wach: Nicht der Mensch, sondern GOTT steht im Mittelpunkt der Me\u00dffeier. Jede ist v\u00f6llig vom einmaligen Kreuzesopfer abh\u00e4ngig. Zugleich ist das die st\u00e4rkste Bitte gerade in Corona-Zeit. <br><br>CM-Flyer: <strong><a href=\"https:\/\/christliche-mitte.de\/index.php\/produkt\/erklaerung-hl-messopfers\/\">Hl. Me\u00dfopfer<\/a><\/strong><\/p>\n","protected":false},"excerpt":{"rendered":"<p>In diesen Monaten feierte mancher Priester, nur von einem Ministrierenden begleitet, oft einsam das heilige Me\u00dfopfer. So erf\u00fcllt er den Auftrag JESU: \u201eTut das zu Meinem Ged\u00e4chtnis!\u201c (Lk 22,19). Die Me\u00dffeier: Zuerst zu GOTTES Ehre und zur S\u00fchne f\u00fcr unsere Schuld. Deshalb ist jedes Me\u00dfopfer, unabh\u00e4ngig von der Zahl der Mitfeiernden, unendlich sinnvoll und notwendig.&hellip;<\/p>\n","protected":false},"author":1,"featured_media":2507,"comment_status":"closed","ping_status":"closed","sticky":false,"template":"","format":"standard","meta":{"footnotes":""},"categories":[71,365,4],"tags":[],"class_list":["post-4180","post","type-post","status-publish","format-standard","has-post-thumbnail","hentry","category-christus-glaube","category-hl-messe","category-kurier-der-christlichen-mitte","entry"],"_links":{"self":[{"href":"https:\/\/christliche-mitte.de\/index.php\/wp-json\/wp\/v2\/posts\/4180","targetHints":{"allow":["GET"]}}],"collection":[{"href":"https:\/\/christliche-mitte.de\/index.php\/wp-json\/wp\/v2\/posts"}],"about":[{"href":"https:\/\/christliche-mitte.de\/index.php\/wp-json\/wp\/v2\/types\/post"}],"author":[{"embeddable":true,"href":"https:\/\/christliche-mitte.de\/index.php\/wp-json\/wp\/v2\/users\/1"}],"replies":[{"embeddable":true,"href":"https:\/\/christliche-mitte.de\/index.php\/wp-json\/wp\/v2\/comments?post=4180"}],"version-history":[{"count":1,"href":"https:\/\/christliche-mitte.de\/index.php\/wp-json\/wp\/v2\/posts\/4180\/revisions"}],"predecessor-version":[{"id":4181,"href":"https:\/\/christliche-mitte.de\/index.php\/wp-json\/wp\/v2\/posts\/4180\/revisions\/4181"}],"wp:featuredmedia":[{"embeddable":true,"href":"https:\/\/christliche-mitte.de\/index.php\/wp-json\/wp\/v2\/media\/2507"}],"wp:attachment":[{"href":"https:\/\/christliche-mitte.de\/index.php\/wp-json\/wp\/v2\/media?parent=4180"}],"wp:term":[{"taxonomy":"category","embeddable":true,"href":"https:\/\/christliche-mitte.de\/index.php\/wp-json\/wp\/v2\/categories?post=4180"},{"taxonomy":"post_tag","embeddable":true,"href":"https:\/\/christliche-mitte.de\/index.php\/wp-json\/wp\/v2\/tags?post=4180"}],"curies":[{"name":"wp","href":"https:\/\/api.w.org\/{rel}","templated":true}]}}