{"id":406,"date":"2017-10-28T16:50:38","date_gmt":"2017-10-28T14:50:38","guid":{"rendered":"https:\/\/christliche-mitte.de\/?p=406"},"modified":"2017-10-28T16:50:38","modified_gmt":"2017-10-28T14:50:38","slug":"worte-die-leben-retten","status":"publish","type":"post","link":"https:\/\/christliche-mitte.de\/index.php\/2017\/10\/28\/worte-die-leben-retten\/","title":{"rendered":"Worte, die Leben retten"},"content":{"rendered":"<p lang=\"de-DE\" align=\"JUSTIFY\"><strong><span style=\"font-family: Palatino Linotype Bold,serif;\"><span style=\"font-size: small;\">Hochw. Herrn Kardinal Willem Eijk,<br \/>\nNL 3507 LA Utrecht, Biltstraat 121<\/span><\/span><\/strong><\/p>\n<p lang=\"de-DE\" align=\"JUSTIFY\"><span style=\"color: #000000;\"><span style=\"font-family: Palatino Linotype Bold,serif;\"><span style=\"font-size: small;\"><span lang=\"de-DE\">Danke, Herr Kardinal Eijk, f\u00fcr Ihre klaren Worte. Angesichts der dramatisch ansteigenden Selbstmord-Zahlen in den Niederlanden warnen Sie vor einer weiteren Legalisierung von Selbst-T\u00f6tung im Fall von unheilbarer Krankheit oder \u201eEinsamkeit, Trauer, eingeschr\u00e4nkter Mobilit\u00e4t und Niedergang im Alter\u201c (DT, August 2017). Die Niederlande sind das erste Land, das 2002 Sterbe-Hilfe legalisierte. Seitdem ist ein rasanter Anstieg von Todesf\u00e4llen verzeichnet: etwa 20 F\u00e4lle pro Tag. Allein 2015 sind 6.672 Sterbe-Hilfe-Todesf\u00e4lle registriert; 431 Patienten starben ohne pers\u00f6nliche Einwilligung. Eine \u00e4hnliche Problematik herrscht in deutschen Alten- und Pflegeheimen, wo zunehmend Menschen mit Demenz \u201eohne deren tats\u00e4chliche Zustimmung get\u00f6tet werden\u201c. Danke, Herr Kardinal, da\u00df Sie diese lebensfeindliche Kultur kritisieren, denn JESUS lebte eine gegenteilige Lebenshaltung vor: Standhalten im Leiden, sein Kreuz liebend tragen, tapfer Opfer bringen als S\u00fchne (Wiedergutmachung) f\u00fcr die eigenen S\u00fcnden und die S\u00fcnden der Menschheit. ER tr\u00e4gt unter Blutschwei\u00df sein Kreuz auf den Berg Golgatha, bis ER dort unschuldig ermordet wird (Lk 23, 28). &#8211; Danke, Herr Kardinal, f\u00fcr Ihr Glaubens-Zeugnis: \u201eUnsere Antwort auf das Leiden sollte sein: eine ad\u00e4quate, professionelle und liebevolle Palliativ-Pflege, bei der aus christlicher Perspektive die Seelsorge ein unentbehrlicher Teil ist. Wenn Menschen unertr\u00e4glich und ohne Perspektive an Einsamkeit leiden \u2013 was ein h\u00e4ufiges Problem in der heutigen hyperindividuellen Kultur ist &#8211; sollten wir versuche, diese Kultur zu \u00e4ndern, anstatt Selbstmord f\u00fcr gesunde Menschen zu bieten\u201c. <\/span><span style=\"font-family: Palatino Linotype Italic,serif;\"><span lang=\"de-DE\"><br \/>\nIhre KURIER-Redaktion<\/span><\/span><\/span><\/span><\/span><\/p>\n","protected":false},"excerpt":{"rendered":"<p>Hochw. Herrn Kardinal Willem Eijk, NL 3507 LA Utrecht, Biltstraat 121 Danke, Herr Kardinal Eijk, f\u00fcr Ihre klaren Worte. Angesichts der dramatisch ansteigenden Selbstmord-Zahlen in den Niederlanden warnen Sie vor einer weiteren Legalisierung von Selbst-T\u00f6tung im Fall von unheilbarer Krankheit oder \u201eEinsamkeit, Trauer, eingeschr\u00e4nkter Mobilit\u00e4t und Niedergang im Alter\u201c (DT, August 2017). Die Niederlande sind&hellip;<\/p>\n","protected":false},"author":1,"featured_media":0,"comment_status":"open","ping_status":"open","sticky":false,"template":"","format":"standard","meta":{"footnotes":""},"categories":[91],"tags":[],"class_list":["post-406","post","type-post","status-publish","format-standard","hentry","category-sterbehilfe-euthanasie","no-post-thumbnail","entry"],"_links":{"self":[{"href":"https:\/\/christliche-mitte.de\/index.php\/wp-json\/wp\/v2\/posts\/406","targetHints":{"allow":["GET"]}}],"collection":[{"href":"https:\/\/christliche-mitte.de\/index.php\/wp-json\/wp\/v2\/posts"}],"about":[{"href":"https:\/\/christliche-mitte.de\/index.php\/wp-json\/wp\/v2\/types\/post"}],"author":[{"embeddable":true,"href":"https:\/\/christliche-mitte.de\/index.php\/wp-json\/wp\/v2\/users\/1"}],"replies":[{"embeddable":true,"href":"https:\/\/christliche-mitte.de\/index.php\/wp-json\/wp\/v2\/comments?post=406"}],"version-history":[{"count":1,"href":"https:\/\/christliche-mitte.de\/index.php\/wp-json\/wp\/v2\/posts\/406\/revisions"}],"predecessor-version":[{"id":407,"href":"https:\/\/christliche-mitte.de\/index.php\/wp-json\/wp\/v2\/posts\/406\/revisions\/407"}],"wp:attachment":[{"href":"https:\/\/christliche-mitte.de\/index.php\/wp-json\/wp\/v2\/media?parent=406"}],"wp:term":[{"taxonomy":"category","embeddable":true,"href":"https:\/\/christliche-mitte.de\/index.php\/wp-json\/wp\/v2\/categories?post=406"},{"taxonomy":"post_tag","embeddable":true,"href":"https:\/\/christliche-mitte.de\/index.php\/wp-json\/wp\/v2\/tags?post=406"}],"curies":[{"name":"wp","href":"https:\/\/api.w.org\/{rel}","templated":true}]}}