{"id":4037,"date":"2020-07-02T22:36:15","date_gmt":"2020-07-02T20:36:15","guid":{"rendered":"https:\/\/christliche-mitte.de\/?p=4037"},"modified":"2020-07-02T22:46:30","modified_gmt":"2020-07-02T20:46:30","slug":"falsche-flucht-aus-der-kirche","status":"publish","type":"post","link":"https:\/\/christliche-mitte.de\/index.php\/2020\/07\/02\/falsche-flucht-aus-der-kirche\/","title":{"rendered":"Falsche Flucht aus der Kirche"},"content":{"rendered":"\n<p>Wer aus der Kirche austritt, hat seine Gr\u00fcnde. Und dennoch irrt er.<\/p>\n\n\n\n<p>Berliner z.B. nennen als Ursache finanzielle Probleme (61,2%), <br>Glaubens-Zweifel (31,8%), <br>Protest gegen kirchliche \u00c4u\u00dferungen (20,9%).<br>Tief im Herzen ist es jedoch der mangelnde GOTTES-Bezug, der die Menschen in die Kirchen-Flucht treibt. Sie k\u00f6nnen nicht mehr beten \u2013 oder haben es verlernt \u2013 und f\u00fchlen eine innerliche Leere, f\u00fcr die jetzt ein Schuldiger gesucht wird. <br>Aber sie vergessen: Sie sind auf Erden, \u201eum GOTT zu suchen, zu finden, IHM zu dienen und einst ewig bei IHM zu sein\u201c (Katechismus). <br>Der hl. Augustinus (\u2020430) suchte unter den Tr\u00e4nen seiner Mutter Monika 20 Jahre. Er ist nicht weggelaufen, bis er GOTT gefunden hat.<\/p>\n\n\n\n<p><strong>\u201eWer sucht, der findet!\u201c (Mt 7, 8)<\/strong><\/p>\n\n\n\n<p>Wer betet, ist so eng mit IHM verbunden, da\u00df er nicht ohne das hl. Me\u00dfopfer leben kann. Dann ist die Frage schon ganz anders gelagert. N\u00e4mlich: \u201eWo finde ich Ruhe und Stille im GOTTES-Dienstbesuch, um meine Seele zu GOTT zu erheben?\u201c Und hier gibt es Orte: www.pro-missatridentina. Wer GOTT sucht, wird IHN finden. Auch in Corona-Zeiten.<\/p>\n\n\n\n<p><strong>Selbst-Kritik an Platz 1<\/strong><\/p>\n\n\n\n<p>Kirche, die hl. Messe und die Sakramente sind notwendig, da\u00admit jeder seine Seele zu GOTT erheben kann. Mit GOTTES Hilfe. Denn durch den Priester spricht CHRISTUS selbst und schenkt jedem neuen Anfang im Guten durch Seine g\u00f6ttliche Kraft.<\/p>\n\n\n\n<p><strong>G<\/strong>l<strong>auben an JESU Verhei\u00dfung<\/strong><\/p>\n\n\n\n<p>Auch wenn manche ihrer Glieder schw\u00e4cheln, wird die Kirche als Ganzes nicht untergehen: \u201eDie Pforten der H\u00f6lle werden sie nicht \u00fcberw\u00e4ltigen.\u201c (Mt 16, 18). Das verspricht JESUS. Welch ein sinnloser Rummel beispielsweise um den sog. \u201esynodalen Weg\u201c, den es kirchenrechtlich gar nicht gibt, und der deshalb gar keine Weisungsbindung und Legitimit\u00e4t hat.<\/p>\n\n\n\n<p><strong>Ohne Kirche keine Heimat<\/strong><\/p>\n\n\n\n<p>Dem Kirchenfl\u00fcchtenden sei gesagt: Ohne Kirche ist das Leben viel, viel schlimmer. Ohne Mitte. Ohne Zugeh\u00f6rigkeit. Ohne das Echo der Liebe GOTTES. Wer an der Kirche leidet, dem ist gesagt: Leid geh\u00f6rt zum Leben. Der Fromme mu\u00df in Gebet und Liebe die Schw\u00e4chen und S\u00fcnden der Mit-Christen durchtragen \u2013 bis hin zum blutigen S\u00fchneleiden der Stigmatisierten. \u201eWer nicht sein Kreuz auf sich nimmt und MIR nachfolgt, ist MEINER nicht wert!\u201c Nur IN der Kirche ist das Heil. <br>S<em>r. M. Anja<\/em><\/p>\n\n\n\n<p>CM-Buch: <a href=\"https:\/\/christliche-mitte.de\/index.php\/produkt\/die-unbesiegbare\/\"><strong>Die Unbesiegbare<\/strong><\/a> (5 \u20ac)<\/p>\n","protected":false},"excerpt":{"rendered":"<p>Wer aus der Kirche austritt, hat seine Gr\u00fcnde. Und dennoch irrt er. Berliner z.B. nennen als Ursache finanzielle Probleme (61,2%), Glaubens-Zweifel (31,8%), Protest gegen kirchliche \u00c4u\u00dferungen (20,9%).Tief im Herzen ist es jedoch der mangelnde GOTTES-Bezug, der die Menschen in die Kirchen-Flucht treibt. Sie k\u00f6nnen nicht mehr beten \u2013 oder haben es verlernt \u2013 und f\u00fchlen&hellip;<\/p>\n","protected":false},"author":1,"featured_media":2935,"comment_status":"closed","ping_status":"closed","sticky":true,"template":"","format":"standard","meta":{"footnotes":""},"categories":[71,4],"tags":[],"class_list":["post-4037","post","type-post","status-publish","format-standard","has-post-thumbnail","hentry","category-christus-glaube","category-kurier-der-christlichen-mitte","entry"],"_links":{"self":[{"href":"https:\/\/christliche-mitte.de\/index.php\/wp-json\/wp\/v2\/posts\/4037","targetHints":{"allow":["GET"]}}],"collection":[{"href":"https:\/\/christliche-mitte.de\/index.php\/wp-json\/wp\/v2\/posts"}],"about":[{"href":"https:\/\/christliche-mitte.de\/index.php\/wp-json\/wp\/v2\/types\/post"}],"author":[{"embeddable":true,"href":"https:\/\/christliche-mitte.de\/index.php\/wp-json\/wp\/v2\/users\/1"}],"replies":[{"embeddable":true,"href":"https:\/\/christliche-mitte.de\/index.php\/wp-json\/wp\/v2\/comments?post=4037"}],"version-history":[{"count":2,"href":"https:\/\/christliche-mitte.de\/index.php\/wp-json\/wp\/v2\/posts\/4037\/revisions"}],"predecessor-version":[{"id":4039,"href":"https:\/\/christliche-mitte.de\/index.php\/wp-json\/wp\/v2\/posts\/4037\/revisions\/4039"}],"wp:featuredmedia":[{"embeddable":true,"href":"https:\/\/christliche-mitte.de\/index.php\/wp-json\/wp\/v2\/media\/2935"}],"wp:attachment":[{"href":"https:\/\/christliche-mitte.de\/index.php\/wp-json\/wp\/v2\/media?parent=4037"}],"wp:term":[{"taxonomy":"category","embeddable":true,"href":"https:\/\/christliche-mitte.de\/index.php\/wp-json\/wp\/v2\/categories?post=4037"},{"taxonomy":"post_tag","embeddable":true,"href":"https:\/\/christliche-mitte.de\/index.php\/wp-json\/wp\/v2\/tags?post=4037"}],"curies":[{"name":"wp","href":"https:\/\/api.w.org\/{rel}","templated":true}]}}