{"id":4030,"date":"2020-07-02T15:02:21","date_gmt":"2020-07-02T13:02:21","guid":{"rendered":"https:\/\/christliche-mitte.de\/?p=4030"},"modified":"2020-07-02T22:45:44","modified_gmt":"2020-07-02T20:45:44","slug":"staunenswert","status":"publish","type":"post","link":"https:\/\/christliche-mitte.de\/index.php\/2020\/07\/02\/staunenswert\/","title":{"rendered":"Staunenswert!"},"content":{"rendered":"\n<p>Wichtige Ereignisse, die das Ende des antichristlichen NS-Terrors einleiteten, fallen auf Marien-Feste. Katholiken verehren die GOTTES-Mutter von der \u201eImmerw\u00e4hrenden Hilfe\u201c seit Jahrhunderten.<\/p>\n\n\n\n<p class=\"has-text-color has-background has-very-dark-gray-color has-pale-cyan-blue-background-color\">Auch im Zweiten Weltkrieg hat Maria die Menschen nicht vergessen. <br><strong>Mari\u00e4 Lichtme\u00df (2.2.1943): <\/strong><br>Stalingrad f\u00e4llt. <br>Ende des Expansions-Krieges Hitlers im Osten.<br> <br><strong>Mari\u00e4 Himmelfahrt (15.8.1943):<\/strong> <br>Sizilien f\u00e4llt. <br>Die Alliierten betreten europ\u00e4ischen Boden.<br> <br><strong>Mari\u00e4 Geburt (8.9.1943): <\/strong><br>Italien, B\u00fcndnispartner Hitlers, kapituliert.<br> <br><strong>Mari\u00e4 Himmelfahrt (15.8.1944): <\/strong><br>Landung der Alliierten bei Toulon. <br>Ersch\u00fctterung der deutschen Westfront.<br> <br><strong>Mari\u00e4 Namen (12.9.1944): <\/strong><br>Die Alliierten \u00fcberschreiten die deutsche Reichsgrenze.<br><br><strong>Fest des Erzengels Michael (8. Mai 1945),<\/strong> Schutzpatron Deutschlands: Kapitulation der letzten deutschen Heeresgruppe.<br> <br><strong>Mari\u00e4 Himmelfahrt (15.8.1945): <\/strong><br>Japan, Verb\u00fcndeter des Dritten Reiches, kapituliert. <br>Damit ist der Krieg zu Ende.<br><br>CM-Buch: <a href=\"https:\/\/christliche-mitte.de\/index.php\/produkt\/wunder-heute-gott-ist-das\/\"><strong>Wunder heute<\/strong><\/a> (5 \u20ac)<\/p>\n","protected":false},"excerpt":{"rendered":"<p>Wichtige Ereignisse, die das Ende des antichristlichen NS-Terrors einleiteten, fallen auf Marien-Feste. Katholiken verehren die GOTTES-Mutter von der \u201eImmerw\u00e4hrenden Hilfe\u201c seit Jahrhunderten. Auch im Zweiten Weltkrieg hat Maria die Menschen nicht vergessen. Mari\u00e4 Lichtme\u00df (2.2.1943): Stalingrad f\u00e4llt. Ende des Expansions-Krieges Hitlers im Osten. Mari\u00e4 Himmelfahrt (15.8.1943): Sizilien f\u00e4llt. Die Alliierten betreten europ\u00e4ischen Boden. Mari\u00e4 Geburt&hellip;<\/p>\n","protected":false},"author":1,"featured_media":3279,"comment_status":"closed","ping_status":"closed","sticky":false,"template":"","format":"standard","meta":{"footnotes":""},"categories":[71,4],"tags":[354,352,351,355,353],"class_list":["post-4030","post","type-post","status-publish","format-standard","has-post-thumbnail","hentry","category-christus-glaube","category-kurier-der-christlichen-mitte","tag-12-september-mariae-namen","tag-15-august-mariae-himmelfahrt","tag-2-februar-mariae-lichtmess","tag-8-mai-fest-des-erzengels-michaels","tag-8-september-mariae-geburt","entry"],"_links":{"self":[{"href":"https:\/\/christliche-mitte.de\/index.php\/wp-json\/wp\/v2\/posts\/4030","targetHints":{"allow":["GET"]}}],"collection":[{"href":"https:\/\/christliche-mitte.de\/index.php\/wp-json\/wp\/v2\/posts"}],"about":[{"href":"https:\/\/christliche-mitte.de\/index.php\/wp-json\/wp\/v2\/types\/post"}],"author":[{"embeddable":true,"href":"https:\/\/christliche-mitte.de\/index.php\/wp-json\/wp\/v2\/users\/1"}],"replies":[{"embeddable":true,"href":"https:\/\/christliche-mitte.de\/index.php\/wp-json\/wp\/v2\/comments?post=4030"}],"version-history":[{"count":1,"href":"https:\/\/christliche-mitte.de\/index.php\/wp-json\/wp\/v2\/posts\/4030\/revisions"}],"predecessor-version":[{"id":4031,"href":"https:\/\/christliche-mitte.de\/index.php\/wp-json\/wp\/v2\/posts\/4030\/revisions\/4031"}],"wp:featuredmedia":[{"embeddable":true,"href":"https:\/\/christliche-mitte.de\/index.php\/wp-json\/wp\/v2\/media\/3279"}],"wp:attachment":[{"href":"https:\/\/christliche-mitte.de\/index.php\/wp-json\/wp\/v2\/media?parent=4030"}],"wp:term":[{"taxonomy":"category","embeddable":true,"href":"https:\/\/christliche-mitte.de\/index.php\/wp-json\/wp\/v2\/categories?post=4030"},{"taxonomy":"post_tag","embeddable":true,"href":"https:\/\/christliche-mitte.de\/index.php\/wp-json\/wp\/v2\/tags?post=4030"}],"curies":[{"name":"wp","href":"https:\/\/api.w.org\/{rel}","templated":true}]}}