{"id":3969,"date":"2020-06-04T21:40:30","date_gmt":"2020-06-04T19:40:30","guid":{"rendered":"https:\/\/christliche-mitte.de\/?p=3969"},"modified":"2020-06-04T21:41:58","modified_gmt":"2020-06-04T19:41:58","slug":"initiative-gegen-babymord","status":"publish","type":"post","link":"https:\/\/christliche-mitte.de\/index.php\/2020\/06\/04\/initiative-gegen-babymord\/","title":{"rendered":"Initiative gegen Babymord"},"content":{"rendered":"\n<p>Nur Betern kann\u2019s gelingen, der Abtreibungs-\u201eKultur\u201c ein Ende zu bereiten. Hierzu ruft der<a href=\"https:\/\/www.mamma.ch\"> Schweizer Verein \u201eMamma\u201c <\/a>auf.<\/p>\n\n\n\n<p>Per verschickten Postkarten mit Werbung um ein t\u00e4gliches Gebet von 3 bis 5 Minuten f\u00fcr die Ungeborenen und deren M\u00fctter gewann der \u201eVerein Mamma\u201c bereits 460 Beter.<\/p>\n\n\n\n<p>Eine Gebets-Kette ist entstanden, die GOTT bittet, dem Babymord im Mutterleib ein Ende zu bereiten. 52 Protestanten, 135 Freikirchler und 209 Katholiken sowie 3 Altkatholiken beten mit. Machen SIE mit! <br>CM-Gebetszettel und<a href=\"https:\/\/christliche-mitte.de\/index.php\/produkt\/9-wochen-baby-modell\/\"><strong> CM-Baby-Modell<\/strong><\/a> (Plastik, 2 \u20ac)<\/p>\n","protected":false},"excerpt":{"rendered":"<p>Nur Betern kann\u2019s gelingen, der Abtreibungs-\u201eKultur\u201c ein Ende zu bereiten. Hierzu ruft der Schweizer Verein \u201eMamma\u201c auf. Per verschickten Postkarten mit Werbung um ein t\u00e4gliches Gebet von 3 bis 5 Minuten f\u00fcr die Ungeborenen und deren M\u00fctter gewann der \u201eVerein Mamma\u201c bereits 460 Beter. Eine Gebets-Kette ist entstanden, die GOTT bittet, dem Babymord im Mutterleib&hellip;<\/p>\n","protected":false},"author":1,"featured_media":2797,"comment_status":"closed","ping_status":"closed","sticky":false,"template":"","format":"standard","meta":{"footnotes":""},"categories":[63,4],"tags":[],"class_list":["post-3969","post","type-post","status-publish","format-standard","has-post-thumbnail","hentry","category-lebensschutz-aller-menschen","category-kurier-der-christlichen-mitte","entry"],"_links":{"self":[{"href":"https:\/\/christliche-mitte.de\/index.php\/wp-json\/wp\/v2\/posts\/3969","targetHints":{"allow":["GET"]}}],"collection":[{"href":"https:\/\/christliche-mitte.de\/index.php\/wp-json\/wp\/v2\/posts"}],"about":[{"href":"https:\/\/christliche-mitte.de\/index.php\/wp-json\/wp\/v2\/types\/post"}],"author":[{"embeddable":true,"href":"https:\/\/christliche-mitte.de\/index.php\/wp-json\/wp\/v2\/users\/1"}],"replies":[{"embeddable":true,"href":"https:\/\/christliche-mitte.de\/index.php\/wp-json\/wp\/v2\/comments?post=3969"}],"version-history":[{"count":2,"href":"https:\/\/christliche-mitte.de\/index.php\/wp-json\/wp\/v2\/posts\/3969\/revisions"}],"predecessor-version":[{"id":3972,"href":"https:\/\/christliche-mitte.de\/index.php\/wp-json\/wp\/v2\/posts\/3969\/revisions\/3972"}],"wp:featuredmedia":[{"embeddable":true,"href":"https:\/\/christliche-mitte.de\/index.php\/wp-json\/wp\/v2\/media\/2797"}],"wp:attachment":[{"href":"https:\/\/christliche-mitte.de\/index.php\/wp-json\/wp\/v2\/media?parent=3969"}],"wp:term":[{"taxonomy":"category","embeddable":true,"href":"https:\/\/christliche-mitte.de\/index.php\/wp-json\/wp\/v2\/categories?post=3969"},{"taxonomy":"post_tag","embeddable":true,"href":"https:\/\/christliche-mitte.de\/index.php\/wp-json\/wp\/v2\/tags?post=3969"}],"curies":[{"name":"wp","href":"https:\/\/api.w.org\/{rel}","templated":true}]}}