{"id":393,"date":"2017-10-28T15:43:26","date_gmt":"2017-10-28T13:43:26","guid":{"rendered":"https:\/\/christliche-mitte.de\/?p=393"},"modified":"2018-07-26T15:54:28","modified_gmt":"2018-07-26T13:54:28","slug":"november-2017","status":"publish","type":"post","link":"https:\/\/christliche-mitte.de\/index.php\/2017\/10\/28\/november-2017\/","title":{"rendered":"November 2017"},"content":{"rendered":"<p lang=\"de-DE\" style=\"text-align: justify;\" align=\"CENTER\"><strong><span style=\"color: #000000;\"><span style=\"font-family: Palatino LT Std Black,serif;\"><span style=\"font-size: medium;\">Mehr Eifer als Salafisten?<\/span><\/span><\/span><\/strong><\/p>\n<p lang=\"de-DE\" align=\"JUSTIFY\"><span style=\"color: #000000;\"><span style=\"font-family: Palatino Linotype,serif;\"><span style=\"font-size: small;\"><span lang=\"de-DE\">Das B\u00fcchlein \u201eDer Mann, der die Welt verwandelt\u201c verbreite ich. Kampflos will ich nicht zusehen, wenn Salafisten den Koran \u00f6ffentlich verteilen. Uns Christen m\u00fcssen unser Glaube und die Pers\u00f6nlichkeit CHRISTI mehr wert sein. Das m\u00fcssen wir unter Beweis stellen, sonst ist Europa verloren. <\/span><span style=\"font-family: Palatino Linotype Italic,serif;\"><span lang=\"de-DE\"> E. L.<\/span><\/span><\/span><\/span><\/span><\/p>\n<hr \/>\n<p><strong>Wo der Islam w\u00fctet<\/strong><\/p>\n<p lang=\"de-DE\" align=\"JUSTIFY\"><span style=\"color: #000000;\"><span style=\"font-family: Palatino Linotype,serif;\"><span style=\"font-size: small;\">Muslime d\u00fcrfen in M\u00fcnchen und Berlin R\u00e4ume von protestantischen Gemeinden benutzen.<\/span><\/span><\/span><\/p>\n<p lang=\"de-DE\" align=\"JUSTIFY\"><span style=\"color: #000000;\"><span style=\"font-family: Palatino Linotype,serif;\"><span style=\"font-size: small;\">Die deutsch-t\u00fcrkische DITIB lehnte ab, an einer Anti-Terror-Demo in K\u00f6ln teilzunehmen.<\/span><\/span><\/span><\/p>\n<hr \/>\n<p lang=\"de-DE\" style=\"text-align: left;\" align=\"CENTER\"><strong><span style=\"color: #000000;\"><span style=\"font-family: Palatino LT Std Black,serif;\"><span style=\"font-size: medium;\">Koran-Predigt<\/span><\/span><\/span><\/strong><\/p>\n<p lang=\"de-DE\" align=\"JUSTIFY\"><span style=\"color: #000000;\"><span style=\"font-family: Palatino Linotype,serif;\"><span style=\"font-size: small;\"><span lang=\"de-DE\">In Berlins Al-Nur-Moschee propagierte <\/span><span style=\"font-family: Palatino Linotype Bold,serif;\"><span lang=\"de-DE\">Moez al-Eila <\/span><\/span><span lang=\"de-DE\">v\u00f6llige sexuelle Unterwerfung der Frau. Vorsitzender <\/span><span style=\"font-family: Palatino Linotype Bold,serif;\"><span lang=\"de-DE\">Mazyek<\/span><\/span><span lang=\"de-DE\"> vom islamischen Zentralrat widersprach, vers\u00e4umte aber die Predigt-Quelle anzugeben: Sure 2,223 (Frauen als Acker). <\/span><\/span><\/span><\/span><\/p>\n<hr \/>\n<p><span style=\"color: #000000;\"><span style=\"font-family: Palatino LT Std Black,serif;\"><strong>Sorge ums Vaterland<\/strong> <\/span><\/span><\/p>\n<p><span style=\"color: #000000;\"><span style=\"font-family: Palatino Linotype,serif;\"><span style=\"font-size: small;\"><span lang=\"de-DE\">Die neue deutsche Regierung sorgt sich ums Vaterland: \u201eIn welchem Deutschland wirst du einmal leben?\u201c (<\/span><span style=\"font-family: Palatino Linotype Bold,serif;\"><span lang=\"de-DE\">A. Merkel<\/span><\/span><span lang=\"de-DE\">), als sie vor einem Embryo im Fruchtwasser steht. <\/span><span style=\"font-family: Palatino Linotype Italic,serif;\"><span lang=\"de-DE\">Verteil-Info: \u201eHelft mir! La\u00dft mich leben!\u201c<\/span><\/span><\/span><\/span><\/span><\/p>\n<hr \/>\n<p lang=\"de-DE\" style=\"text-align: left;\">Ein Blick auf die Welt<\/p>\n<p><span style=\"color: #000000;\"><span style=\"font-family: Palatino Linotype,serif;\"><span style=\"font-size: small;\">In Teilen Afrikas werden nur 2% aller Albinos 40 Jahre alt. Die anderen fallen abergl\u00e4ubischen Praktiken zum Opfer.<\/span><\/span><\/span> <span style=\"color: #000000;\"><span style=\"font-family: Palatino Linotype,serif;\"><span style=\"font-size: small;\"><span lang=\"de-DE\">Ein Beichtender, der Kinder-Mi\u00dfbrauch bekennt, sei zu melden; Sonst mache sich der Beichtvater strafbar \u2013 so die Forderung australischer Parteien. Dagegen wenden sich die katholischen Bisch\u00f6fe. <\/span><span style=\"font-family: Palatino Linotype Italic,serif;\"><span lang=\"de-DE\">Beichtgeheimnis!<\/span><\/span><\/span><\/span><\/span> <span style=\"color: #000000;\"><span style=\"font-family: Palatino Linotype,serif;\"><span style=\"font-size: small;\"><span lang=\"de-DE\">Lepra-\u00c4rztin <\/span><span style=\"font-family: Palatino Linotype Bold,serif;\"><span lang=\"de-DE\">Ruth Pfau<\/span><\/span><span lang=\"de-DE\"> heilte 50.000 Menschen in Afghanistan und Pakistan w\u00e4hrend 60 Jahren. 88j\u00e4hrig wurde diese Ordensfrau der \u201eT\u00f6chter vom Herzen Mari\u00e4\u201c 2017 heimgerufen. Staatsbegr\u00e4bnis im islamischen Land.<br \/>\n<\/span><\/span><\/span><\/span><\/p>\n<hr \/>\n<p lang=\"de-DE\" style=\"text-align: left;\"><span style=\"color: #000000;\"><span style=\"font-family: Palatino Linotype,serif;\"><span style=\"font-size: small;\"><span lang=\"de-DE\"><br \/>\n<strong>Ein Blick auf Deutschland<\/strong><br \/>\n<\/span><\/span><\/span><\/span><span style=\"color: #ffffff;\"><span style=\"font-family: Palatino LT Std Black,serif;\"><span style=\"font-size: medium;\"><br \/>\n<\/span><\/span><\/span><span style=\"color: #000000;\"><span style=\"font-family: Palatino Linotype,serif;\"><span style=\"font-size: small;\">In Berlin stehen 379 links-politische Untaten (2016) 158 rechten gegen\u00fcber. Staatlich gef\u00f6rdert werden 50 \u201eanti-faschistische\u201c Vereine. <\/span><\/span><\/span> <span style=\"color: #000000;\"><span style=\"font-family: Palatino Linotype,serif;\"><span style=\"font-size: small;\">Wer einen Organspender-Ausweis hat, erh\u00e4lt im Ungl\u00fccksfall seit 2017 keine notwendigen Schmerzmittel mehr, weil diese die Hirntod-Diagnose verf\u00e4lschen k\u00f6nnten. 11.000 warten auf die \u201eAusschlachtung\u201c eines Sterbenden mit Spender-Ausweis.<\/span><\/span><\/span> <span style=\"color: #000000;\">\u201e<span style=\"font-family: Palatino Linotype,serif;\"><span style=\"font-size: small;\">Ich bin der Vater\u201c hei\u00dft das neue Gesch\u00e4fts-Modell f\u00fcr deutsche M\u00e4nner. Bis zu 10 Vaterschaften erwerben sie durch Bezahlung von schwangeren Ausl\u00e4nderinnen, damit diese ein Bleiberecht in Deutschland bekommen. <\/span><\/span><\/span><\/p>\n","protected":false},"excerpt":{"rendered":"<p>Mehr Eifer als Salafisten? Das B\u00fcchlein \u201eDer Mann, der die Welt verwandelt\u201c verbreite ich. Kampflos will ich nicht zusehen, wenn Salafisten den Koran \u00f6ffentlich verteilen. Uns Christen m\u00fcssen unser Glaube und die Pers\u00f6nlichkeit CHRISTI mehr wert sein. Das m\u00fcssen wir unter Beweis stellen, sonst ist Europa verloren. E. L. Wo der Islam w\u00fctet Muslime d\u00fcrfen&hellip;<\/p>\n","protected":false},"author":1,"featured_media":1655,"comment_status":"open","ping_status":"open","sticky":false,"template":"","format":"standard","meta":{"footnotes":""},"categories":[22],"tags":[],"class_list":["post-393","post","type-post","status-publish","format-standard","has-post-thumbnail","hentry","category-kurze-beitraege","entry"],"_links":{"self":[{"href":"https:\/\/christliche-mitte.de\/index.php\/wp-json\/wp\/v2\/posts\/393","targetHints":{"allow":["GET"]}}],"collection":[{"href":"https:\/\/christliche-mitte.de\/index.php\/wp-json\/wp\/v2\/posts"}],"about":[{"href":"https:\/\/christliche-mitte.de\/index.php\/wp-json\/wp\/v2\/types\/post"}],"author":[{"embeddable":true,"href":"https:\/\/christliche-mitte.de\/index.php\/wp-json\/wp\/v2\/users\/1"}],"replies":[{"embeddable":true,"href":"https:\/\/christliche-mitte.de\/index.php\/wp-json\/wp\/v2\/comments?post=393"}],"version-history":[{"count":5,"href":"https:\/\/christliche-mitte.de\/index.php\/wp-json\/wp\/v2\/posts\/393\/revisions"}],"predecessor-version":[{"id":410,"href":"https:\/\/christliche-mitte.de\/index.php\/wp-json\/wp\/v2\/posts\/393\/revisions\/410"}],"wp:featuredmedia":[{"embeddable":true,"href":"https:\/\/christliche-mitte.de\/index.php\/wp-json\/wp\/v2\/media\/1655"}],"wp:attachment":[{"href":"https:\/\/christliche-mitte.de\/index.php\/wp-json\/wp\/v2\/media?parent=393"}],"wp:term":[{"taxonomy":"category","embeddable":true,"href":"https:\/\/christliche-mitte.de\/index.php\/wp-json\/wp\/v2\/categories?post=393"},{"taxonomy":"post_tag","embeddable":true,"href":"https:\/\/christliche-mitte.de\/index.php\/wp-json\/wp\/v2\/tags?post=393"}],"curies":[{"name":"wp","href":"https:\/\/api.w.org\/{rel}","templated":true}]}}