{"id":3710,"date":"2020-04-09T19:53:07","date_gmt":"2020-04-09T17:53:07","guid":{"rendered":"https:\/\/christliche-mitte.de\/?p=3710"},"modified":"2020-04-09T19:58:50","modified_gmt":"2020-04-09T17:58:50","slug":"wachsender-migrationsdruck","status":"publish","type":"post","link":"https:\/\/christliche-mitte.de\/index.php\/2020\/04\/09\/wachsender-migrationsdruck\/","title":{"rendered":"Wachsender Migrationsdruck"},"content":{"rendered":"\n<p>2019 stellten 15% mehr Menschen einen Asylantrag in der EU als noch ein Jahr zuvor. Zwischen Januar und April des letzten Jahres waren es 206.500 Asyl-Suchende.<\/p>\n\n\n\n<p>Dazu kommen die vielen Immigranten, die \u00fcber regul\u00e4re\nWege und visafrei in die EU einwandern, vor allem aus Latein-Amerika und dem\nWest-Balkan. So stieg die Zahl der Sozial-Migranten aus dem armen, diktatorisch\nregierten Venezuela dieses Jahr um etwa 121% auf 14.257 Menschen und die aus\nKolumbien gar um 156% auf 8.097 Einwanderer, wie die <em>privat depesche<\/em> berichtet. Venezuela ist nach Syrien das\nHaupt-Einwanderungsland von Asylanten in die EU. <\/p>\n\n\n\n<p>Um einer wachsenden Entfremdung entgegenzuwirken, m\u00fcssen\nwir unsere eigene christliche Identit\u00e4t st\u00e4rken. Das gelingt nur durch Freude\nam CHRISTUS-Glauben, Gebet und regelm\u00e4\u00dfigem Gottesdienst-Besuch mit dem Empfang\nder hl. Sakramente. Gleichzeitig m\u00fcssen wir Christen wieder mutig in der\n\u00d6ffentlichkeit zu den christlichen Glaubens-Wahrheiten stehen und diese mit\nBegeisterung weitergeben: In einem Gespr\u00e4ch oder durch das Verschenken von\nB\u00fcchern und Brosch\u00fcren, welche die Herzen der Menschen f\u00fcr CHRISTUS gewinnen.\nDie CHRISTLICHE MITTE stellt jede Menge Klein-Schriften zum Verteilen zur\nVerf\u00fcgung. Fordern Sie unsere Buchkarte an! Siehe S. 4!<\/p>\n\n\n\n<p><a href=\"https:\/\/christliche-mitte.de\/index.php\/produkt\/9-cm-islam-buecher-zum-sonderpreis-von-20-euro\/\"><strong>9-CM-Islam-B\u00fccher-Paket<\/strong><\/a> (20 \u20ac)<\/p>\n","protected":false},"excerpt":{"rendered":"<p>2019 stellten 15% mehr Menschen einen Asylantrag in der EU als noch ein Jahr zuvor. Zwischen Januar und April des letzten Jahres waren es 206.500 Asyl-Suchende. Dazu kommen die vielen Immigranten, die \u00fcber regul\u00e4re Wege und visafrei in die EU einwandern, vor allem aus Latein-Amerika und dem West-Balkan. So stieg die Zahl der Sozial-Migranten aus&hellip;<\/p>\n","protected":false},"author":1,"featured_media":3712,"comment_status":"open","ping_status":"open","sticky":false,"template":"","format":"standard","meta":{"footnotes":""},"categories":[72,21,4],"tags":[],"class_list":["post-3710","post","type-post","status-publish","format-standard","has-post-thumbnail","hentry","category-informationen-aus-der-politik","category-religionen","category-kurier-der-christlichen-mitte","entry"],"_links":{"self":[{"href":"https:\/\/christliche-mitte.de\/index.php\/wp-json\/wp\/v2\/posts\/3710","targetHints":{"allow":["GET"]}}],"collection":[{"href":"https:\/\/christliche-mitte.de\/index.php\/wp-json\/wp\/v2\/posts"}],"about":[{"href":"https:\/\/christliche-mitte.de\/index.php\/wp-json\/wp\/v2\/types\/post"}],"author":[{"embeddable":true,"href":"https:\/\/christliche-mitte.de\/index.php\/wp-json\/wp\/v2\/users\/1"}],"replies":[{"embeddable":true,"href":"https:\/\/christliche-mitte.de\/index.php\/wp-json\/wp\/v2\/comments?post=3710"}],"version-history":[{"count":1,"href":"https:\/\/christliche-mitte.de\/index.php\/wp-json\/wp\/v2\/posts\/3710\/revisions"}],"predecessor-version":[{"id":3711,"href":"https:\/\/christliche-mitte.de\/index.php\/wp-json\/wp\/v2\/posts\/3710\/revisions\/3711"}],"wp:featuredmedia":[{"embeddable":true,"href":"https:\/\/christliche-mitte.de\/index.php\/wp-json\/wp\/v2\/media\/3712"}],"wp:attachment":[{"href":"https:\/\/christliche-mitte.de\/index.php\/wp-json\/wp\/v2\/media?parent=3710"}],"wp:term":[{"taxonomy":"category","embeddable":true,"href":"https:\/\/christliche-mitte.de\/index.php\/wp-json\/wp\/v2\/categories?post=3710"},{"taxonomy":"post_tag","embeddable":true,"href":"https:\/\/christliche-mitte.de\/index.php\/wp-json\/wp\/v2\/tags?post=3710"}],"curies":[{"name":"wp","href":"https:\/\/api.w.org\/{rel}","templated":true}]}}