{"id":368,"date":"2017-10-28T14:01:58","date_gmt":"2017-10-28T12:01:58","guid":{"rendered":"https:\/\/christliche-mitte.de\/?p=368"},"modified":"2017-10-28T14:44:00","modified_gmt":"2017-10-28T12:44:00","slug":"welchen-sinn-hat-musik","status":"publish","type":"post","link":"https:\/\/christliche-mitte.de\/index.php\/2017\/10\/28\/welchen-sinn-hat-musik\/","title":{"rendered":"Welchen Sinn hat Musik?"},"content":{"rendered":"<figure id=\"attachment_370\" aria-describedby=\"caption-attachment-370\" style=\"width: 236px\" class=\"wp-caption alignnone\"><img loading=\"lazy\" decoding=\"async\" class=\" wp-image-370\" src=\"https:\/\/christliche-mitte.de\/wp-content\/uploads\/2017\/10\/Johann-Sebastian-Bach.jpg\" alt=\"Johann Sebastian Bach\" width=\"236\" height=\"306\" srcset=\"https:\/\/christliche-mitte.de\/wp-content\/uploads\/2017\/10\/Johann-Sebastian-Bach.jpg 591w, https:\/\/christliche-mitte.de\/wp-content\/uploads\/2017\/10\/Johann-Sebastian-Bach-300x389.jpg 300w\" sizes=\"auto, (max-width: 236px) 100vw, 236px\" \/><figcaption id=\"caption-attachment-370\" class=\"wp-caption-text\">Johann Sebastian Bach<\/figcaption><\/figure>\n<p lang=\"de-DE\" align=\"JUSTIFY\"><span style=\"color: #000000;\"><span style=\"font-family: Palatino Linotype Bold,serif;\"><span style=\"font-size: small;\">Der begnadete Musiker Johann Sebastian Bach sieht als \u201eEnd-Ursache aller Musik\u2026 nichts als nur GOTTES Ehre und Erholung des Gem\u00fcts.\u201c \u00c4hnlich sein Leitwort im Orgelb\u00fcchlein: \u201eDem h\u00f6chsten GOTT allein zu Ehren, dem N\u00e4chsten, draus sich zu belehren.\u201c<\/span><\/span><\/span><\/p>\n<p lang=\"de-DE\" align=\"JUSTIFY\"><span style=\"color: #000000;\"><span style=\"font-family: Palatino Linotype,serif;\"><span style=\"font-size: small;\">Das Musik-Genie komponiert mehr als 200 Kirchen-Kantaten, die Matth\u00e4us- und Johannes-Passion, das Weihnachts-Oratorium, die h-Moll-Messe, \u201eDas wohltemperierte Klavier\u201c und die \u201eBrandenburgischen Konzerte\u201c. Selbst sein Klavierb\u00fcchlein ist \u00fcberschrieben \u201eIm Namen JESU\u201c. Noch auf dem Sterbebett (\u2020 1750) diktiert Bach seinem Schwiegersohn Noten und l\u00e4\u00dft dar\u00fcber schreiben: \u201eVor Deinen Thron tret ich hiermit.\u201c<\/span><\/span><\/span><\/p>\n","protected":false},"excerpt":{"rendered":"<p>Der begnadete Musiker Johann Sebastian Bach sieht als \u201eEnd-Ursache aller Musik\u2026 nichts als nur GOTTES Ehre und Erholung des Gem\u00fcts.\u201c \u00c4hnlich sein Leitwort im Orgelb\u00fcchlein: \u201eDem h\u00f6chsten GOTT allein zu Ehren, dem N\u00e4chsten, draus sich zu belehren.\u201c Das Musik-Genie komponiert mehr als 200 Kirchen-Kantaten, die Matth\u00e4us- und Johannes-Passion, das Weihnachts-Oratorium, die h-Moll-Messe, \u201eDas wohltemperierte Klavier\u201c&hellip;<\/p>\n","protected":false},"author":1,"featured_media":0,"comment_status":"open","ping_status":"open","sticky":false,"template":"","format":"standard","meta":{"footnotes":""},"categories":[73],"tags":[],"class_list":["post-368","post","type-post","status-publish","format-standard","hentry","category-veroeffentlichen-von-leserfragen-und-antworten","no-post-thumbnail","entry"],"_links":{"self":[{"href":"https:\/\/christliche-mitte.de\/index.php\/wp-json\/wp\/v2\/posts\/368","targetHints":{"allow":["GET"]}}],"collection":[{"href":"https:\/\/christliche-mitte.de\/index.php\/wp-json\/wp\/v2\/posts"}],"about":[{"href":"https:\/\/christliche-mitte.de\/index.php\/wp-json\/wp\/v2\/types\/post"}],"author":[{"embeddable":true,"href":"https:\/\/christliche-mitte.de\/index.php\/wp-json\/wp\/v2\/users\/1"}],"replies":[{"embeddable":true,"href":"https:\/\/christliche-mitte.de\/index.php\/wp-json\/wp\/v2\/comments?post=368"}],"version-history":[{"count":3,"href":"https:\/\/christliche-mitte.de\/index.php\/wp-json\/wp\/v2\/posts\/368\/revisions"}],"predecessor-version":[{"id":373,"href":"https:\/\/christliche-mitte.de\/index.php\/wp-json\/wp\/v2\/posts\/368\/revisions\/373"}],"wp:attachment":[{"href":"https:\/\/christliche-mitte.de\/index.php\/wp-json\/wp\/v2\/media?parent=368"}],"wp:term":[{"taxonomy":"category","embeddable":true,"href":"https:\/\/christliche-mitte.de\/index.php\/wp-json\/wp\/v2\/categories?post=368"},{"taxonomy":"post_tag","embeddable":true,"href":"https:\/\/christliche-mitte.de\/index.php\/wp-json\/wp\/v2\/tags?post=368"}],"curies":[{"name":"wp","href":"https:\/\/api.w.org\/{rel}","templated":true}]}}