{"id":3596,"date":"2020-03-04T22:54:36","date_gmt":"2020-03-04T20:54:36","guid":{"rendered":"https:\/\/christliche-mitte.de\/?p=3596"},"modified":"2020-03-04T22:54:46","modified_gmt":"2020-03-04T20:54:46","slug":"unterricht-ohne-sprache","status":"publish","type":"post","link":"https:\/\/christliche-mitte.de\/index.php\/2020\/03\/04\/unterricht-ohne-sprache\/","title":{"rendered":"Unterricht ohne Sprache"},"content":{"rendered":"\n<p><strong>Nur 2 von 21 Sch\u00fclern<\/strong> k\u00f6nnen der schweizerischen Lehrerin antworten, wenn sie morgens in das Klassenzimmer kommt und \u201eGuten Morgen!\u201c w\u00fcnscht.<\/p>\n\n\n\n<p><strong>Bis auf die beiden Antwortenden, kann kein Sch\u00fcler Deutsch. <\/strong>Dabei liegt die Schule nahe Z\u00fcrich in der deutsch-sprachigen Schweiz. <br>\u201eAlles mu\u00df ich mit Bildern oder Piktogrammen erkl\u00e4ren\u201c, berichtet die Lehrerin. Weil sie daher auch den Lernstoff extrem vereinfachen m\u00fcsse, bleiben die Klugen auf der Strecke. <br>Die P\u00e4dagogin \u2013 wie auch der schweizerische Lehrerverband \u2013 empfehlen Deutschkurse im Vorschulalter, an denen Kinder und Eltern gemeinsam teilnehmen. Damit nicht zus\u00e4tzlich Dolmetscher in den Kursen ben\u00f6tigt werden. <\/p>\n\n\n\n<p><strong>Nehmen Sie die Bildung Ihrer Kinder und Enkel-Kinder selbst in die Hand.<\/strong><br><strong>Geben sie ihnen gute katholische B\u00fccher zum Lesen.<\/strong> <br>Beten Sie mit Ihren Kindern. <br>Gehen Sie mit ihnen in die hl. Messe. <br>Begeistern Sie ihre Kinder durch Ihr Vorbild. <br>Unsere B\u00fccher helfen Ihnen dabei. <\/p>\n\n\n\n<p><a href=\"https:\/\/christliche-mitte.de\/index.php\/produkt\/9-cm-islam-buecher-zum-sonderpreis-von-20-euro\/\"><strong>9-Islam-CM-B\u00fccher-Paket<\/strong><\/a> (20 \u20ac)<\/p>\n","protected":false},"excerpt":{"rendered":"<p>Nur 2 von 21 Sch\u00fclern k\u00f6nnen der schweizerischen Lehrerin antworten, wenn sie morgens in das Klassenzimmer kommt und \u201eGuten Morgen!\u201c w\u00fcnscht. Bis auf die beiden Antwortenden, kann kein Sch\u00fcler Deutsch. Dabei liegt die Schule nahe Z\u00fcrich in der deutsch-sprachigen Schweiz. \u201eAlles mu\u00df ich mit Bildern oder Piktogrammen erkl\u00e4ren\u201c, berichtet die Lehrerin. Weil sie daher auch&hellip;<\/p>\n","protected":false},"author":1,"featured_media":0,"comment_status":"open","ping_status":"open","sticky":false,"template":"","format":"standard","meta":{"footnotes":""},"categories":[75,131],"tags":[],"class_list":["post-3596","post","type-post","status-publish","format-standard","hentry","category-familie","category-buecher","no-post-thumbnail","entry"],"_links":{"self":[{"href":"https:\/\/christliche-mitte.de\/index.php\/wp-json\/wp\/v2\/posts\/3596","targetHints":{"allow":["GET"]}}],"collection":[{"href":"https:\/\/christliche-mitte.de\/index.php\/wp-json\/wp\/v2\/posts"}],"about":[{"href":"https:\/\/christliche-mitte.de\/index.php\/wp-json\/wp\/v2\/types\/post"}],"author":[{"embeddable":true,"href":"https:\/\/christliche-mitte.de\/index.php\/wp-json\/wp\/v2\/users\/1"}],"replies":[{"embeddable":true,"href":"https:\/\/christliche-mitte.de\/index.php\/wp-json\/wp\/v2\/comments?post=3596"}],"version-history":[{"count":1,"href":"https:\/\/christliche-mitte.de\/index.php\/wp-json\/wp\/v2\/posts\/3596\/revisions"}],"predecessor-version":[{"id":3597,"href":"https:\/\/christliche-mitte.de\/index.php\/wp-json\/wp\/v2\/posts\/3596\/revisions\/3597"}],"wp:attachment":[{"href":"https:\/\/christliche-mitte.de\/index.php\/wp-json\/wp\/v2\/media?parent=3596"}],"wp:term":[{"taxonomy":"category","embeddable":true,"href":"https:\/\/christliche-mitte.de\/index.php\/wp-json\/wp\/v2\/categories?post=3596"},{"taxonomy":"post_tag","embeddable":true,"href":"https:\/\/christliche-mitte.de\/index.php\/wp-json\/wp\/v2\/tags?post=3596"}],"curies":[{"name":"wp","href":"https:\/\/api.w.org\/{rel}","templated":true}]}}