{"id":3538,"date":"2020-02-04T23:07:57","date_gmt":"2020-02-04T21:07:57","guid":{"rendered":"https:\/\/christliche-mitte.de\/?p=3538"},"modified":"2020-02-04T23:10:33","modified_gmt":"2020-02-04T21:10:33","slug":"gott-will-gebeten-sein","status":"publish","type":"post","link":"https:\/\/christliche-mitte.de\/index.php\/2020\/02\/04\/gott-will-gebeten-sein\/","title":{"rendered":"GOTT will gebeten sein"},"content":{"rendered":"\n<p>Das Erzbistum Paderborn bietet eine \u201ePriester-Hochrechnung\u201c: <br>Danach wird die Zahl von 490 Priestern in den n\u00e4chsten 15 Jahren auf 170 Geistliche sinken. <\/p>\n\n\n\n<p>Laien sollen daher zunehmend in den Gro\u00df-Pfarreien seitens des Erzbistums eingesetzt werden und Leitungs-Aufgaben von Priestern \u00fcbernehmen. <br><strong>Doch GOTT rechnet anders<\/strong>. GOTT ist es, der Seine Priester beruft. Ein Ruf der Gnade geht in das Herz jedes Einzelnen. <br>Priester sein ist mehr als ein Arbeitsplatz oder Job, auf den man sich qualifiziert bewirbt. <br>Priester sein ist das lebendige JA der Liebe und der Ganzhingabe an GOTT. <br>Priester-Berufungen wollen erbetet werden.<\/p>\n\n\n\n<p>Das Erzbistum Paderborn hat noch ungehobene Sch\u00e4tze, z.B. das F\u00fcrbittgebet des \u201eSegens\u00adpriesters\u201c <strong>Vikar Theodor G\u00f6bels<\/strong> (\u20201936), dessen Grab im Ort Langenstra\u00dfe bei Lippstadt seit bald 100 Jahren Zielort zahlreicher Pilger ist, die Blumen und Kerzen mitbringen und ihn um Segen und Hilfe anrufen. Ein solches Faktum wirft Statistiken \u00fcber den Haufen. GOTTES Weisheit steht \u00fcber allen Sorgen und schwarzen Zukunfts-Prognosen. Auch f\u00fcr Priester-Berufungen.<\/p>\n\n\n\n<p>GOTT will gebeten sein: <em><strong>\u201eBittet den HERRN der Ernte, da\u00df ER Arbeiter in Seinen Weinberg sende!\u201c<\/strong><\/em> (Lk 10, 2) JESUS verspricht: <em><strong>\u201eDie Pforten der H\u00f6lle werden MEINE Kirche nicht \u00fcberw\u00e4ltigen.\u201c<\/strong><\/em> (Mt 16, 18)&nbsp;&nbsp;&nbsp;&nbsp;&nbsp;&nbsp;&nbsp;&nbsp;&nbsp;&nbsp;&nbsp;&nbsp;&nbsp;&nbsp; G.B.<\/p>\n\n\n\n<p>CM-Buch: <a href=\"https:\/\/christliche-mitte.de\/index.php\/produkt\/ein-mann-ein-wort-2\/\"><strong>Ein Mann \u2013 ein Wort<\/strong><\/a>  (5 \u20ac).<br>\u00dcber den Segenspriester Theodor G\u00f6bels.<\/p>\n","protected":false},"excerpt":{"rendered":"<p>Das Erzbistum Paderborn bietet eine \u201ePriester-Hochrechnung\u201c: Danach wird die Zahl von 490 Priestern in den n\u00e4chsten 15 Jahren auf 170 Geistliche sinken. Laien sollen daher zunehmend in den Gro\u00df-Pfarreien seitens des Erzbistums eingesetzt werden und Leitungs-Aufgaben von Priestern \u00fcbernehmen. Doch GOTT rechnet anders. GOTT ist es, der Seine Priester beruft. Ein Ruf der Gnade geht&hellip;<\/p>\n","protected":false},"author":1,"featured_media":3544,"comment_status":"open","ping_status":"open","sticky":true,"template":"","format":"standard","meta":{"footnotes":""},"categories":[71,4],"tags":[],"class_list":["post-3538","post","type-post","status-publish","format-standard","has-post-thumbnail","hentry","category-christus-glaube","category-kurier-der-christlichen-mitte","entry"],"_links":{"self":[{"href":"https:\/\/christliche-mitte.de\/index.php\/wp-json\/wp\/v2\/posts\/3538","targetHints":{"allow":["GET"]}}],"collection":[{"href":"https:\/\/christliche-mitte.de\/index.php\/wp-json\/wp\/v2\/posts"}],"about":[{"href":"https:\/\/christliche-mitte.de\/index.php\/wp-json\/wp\/v2\/types\/post"}],"author":[{"embeddable":true,"href":"https:\/\/christliche-mitte.de\/index.php\/wp-json\/wp\/v2\/users\/1"}],"replies":[{"embeddable":true,"href":"https:\/\/christliche-mitte.de\/index.php\/wp-json\/wp\/v2\/comments?post=3538"}],"version-history":[{"count":2,"href":"https:\/\/christliche-mitte.de\/index.php\/wp-json\/wp\/v2\/posts\/3538\/revisions"}],"predecessor-version":[{"id":3541,"href":"https:\/\/christliche-mitte.de\/index.php\/wp-json\/wp\/v2\/posts\/3538\/revisions\/3541"}],"wp:featuredmedia":[{"embeddable":true,"href":"https:\/\/christliche-mitte.de\/index.php\/wp-json\/wp\/v2\/media\/3544"}],"wp:attachment":[{"href":"https:\/\/christliche-mitte.de\/index.php\/wp-json\/wp\/v2\/media?parent=3538"}],"wp:term":[{"taxonomy":"category","embeddable":true,"href":"https:\/\/christliche-mitte.de\/index.php\/wp-json\/wp\/v2\/categories?post=3538"},{"taxonomy":"post_tag","embeddable":true,"href":"https:\/\/christliche-mitte.de\/index.php\/wp-json\/wp\/v2\/tags?post=3538"}],"curies":[{"name":"wp","href":"https:\/\/api.w.org\/{rel}","templated":true}]}}