{"id":3535,"date":"2020-02-04T22:51:52","date_gmt":"2020-02-04T20:51:52","guid":{"rendered":"https:\/\/christliche-mitte.de\/?p=3535"},"modified":"2020-02-04T23:05:56","modified_gmt":"2020-02-04T21:05:56","slug":"iran-frauen-begehren-auf","status":"publish","type":"post","link":"https:\/\/christliche-mitte.de\/index.php\/2020\/02\/04\/iran-frauen-begehren-auf\/","title":{"rendered":"Iran: Frauen begehren auf"},"content":{"rendered":"\n<p>\u201eFrauen sind hier B\u00fcrger zweiter Klasse\u201c, beklagt die iranische Frauen-Rechtlerin Nasri Mohammadi (38). \u201eGrundlage dieser Tyrannei ist das Religionsgesetz nach der Revolution von 1979.\u201c<\/p>\n\n\n\n<p>Nasri Mohammadi fordert den Westen auf, den Frauen im Iran zu helfen und das Religionsgesetz nicht l\u00e4nger anzuerkennen. Mo\u00adhammadi lebt zur Zeit in den USA. Die ebenfalls in den USA ans\u00e4ssige iranische Frauen-Rechtlerin Nasim Basiri (31) ist \u00fcberzeugt, da\u00df trotz aller Schikanen die Frauen-Bewegung im Iran w\u00e4chst und hofft ebenfalls auf Un\u00adterst\u00fctzung aus Europa und Amerika. <br>CM-Verteil-Brosch\u00fcre: <a href=\"https:\/\/christliche-mitte.de\/index.php\/produkt\/ich-war-mit-einem-muslim-verheiratet\/\"><strong>Ich war mit einem Muslim verheiratet <\/strong><\/a>(2 \u20ac)<\/p>\n","protected":false},"excerpt":{"rendered":"<p>\u201eFrauen sind hier B\u00fcrger zweiter Klasse\u201c, beklagt die iranische Frauen-Rechtlerin Nasri Mohammadi (38). \u201eGrundlage dieser Tyrannei ist das Religionsgesetz nach der Revolution von 1979.\u201c Nasri Mohammadi fordert den Westen auf, den Frauen im Iran zu helfen und das Religionsgesetz nicht l\u00e4nger anzuerkennen. Mo\u00adhammadi lebt zur Zeit in den USA. Die ebenfalls in den USA ans\u00e4ssige&hellip;<\/p>\n","protected":false},"author":1,"featured_media":464,"comment_status":"open","ping_status":"open","sticky":true,"template":"","format":"standard","meta":{"footnotes":""},"categories":[70,4],"tags":[],"class_list":["post-3535","post","type-post","status-publish","format-standard","has-post-thumbnail","hentry","category-islam","category-kurier-der-christlichen-mitte","entry"],"_links":{"self":[{"href":"https:\/\/christliche-mitte.de\/index.php\/wp-json\/wp\/v2\/posts\/3535","targetHints":{"allow":["GET"]}}],"collection":[{"href":"https:\/\/christliche-mitte.de\/index.php\/wp-json\/wp\/v2\/posts"}],"about":[{"href":"https:\/\/christliche-mitte.de\/index.php\/wp-json\/wp\/v2\/types\/post"}],"author":[{"embeddable":true,"href":"https:\/\/christliche-mitte.de\/index.php\/wp-json\/wp\/v2\/users\/1"}],"replies":[{"embeddable":true,"href":"https:\/\/christliche-mitte.de\/index.php\/wp-json\/wp\/v2\/comments?post=3535"}],"version-history":[{"count":1,"href":"https:\/\/christliche-mitte.de\/index.php\/wp-json\/wp\/v2\/posts\/3535\/revisions"}],"predecessor-version":[{"id":3536,"href":"https:\/\/christliche-mitte.de\/index.php\/wp-json\/wp\/v2\/posts\/3535\/revisions\/3536"}],"wp:featuredmedia":[{"embeddable":true,"href":"https:\/\/christliche-mitte.de\/index.php\/wp-json\/wp\/v2\/media\/464"}],"wp:attachment":[{"href":"https:\/\/christliche-mitte.de\/index.php\/wp-json\/wp\/v2\/media?parent=3535"}],"wp:term":[{"taxonomy":"category","embeddable":true,"href":"https:\/\/christliche-mitte.de\/index.php\/wp-json\/wp\/v2\/categories?post=3535"},{"taxonomy":"post_tag","embeddable":true,"href":"https:\/\/christliche-mitte.de\/index.php\/wp-json\/wp\/v2\/tags?post=3535"}],"curies":[{"name":"wp","href":"https:\/\/api.w.org\/{rel}","templated":true}]}}