{"id":3529,"date":"2020-02-04T22:37:13","date_gmt":"2020-02-04T20:37:13","guid":{"rendered":"https:\/\/christliche-mitte.de\/?p=3529"},"modified":"2020-02-04T22:37:15","modified_gmt":"2020-02-04T20:37:15","slug":"deutschlands-ueberfremdung","status":"publish","type":"post","link":"https:\/\/christliche-mitte.de\/index.php\/2020\/02\/04\/deutschlands-ueberfremdung\/","title":{"rendered":"Deutschlands \u00dcberfremdung"},"content":{"rendered":"\n<p><strong>20,8 Mio Menschen in Deutschland haben Migrations-Hintergrund. <\/strong><br>65% von ihnen sind im Ausland geboren. Das ist ein Zuwachs von 2,5% Ausl\u00e4ndern im Vergleich zum Vorjahr.<\/p>\n\n\n\n<p>52% der Fremden haben bereits einen deutschen Pa\u00df und sind als deutsche Staatsb\u00fcrger anerkannt. Die restlichen 48% arbeiten noch an der staatsrechtlichen Einb\u00fcrgerung. Unber\u00fccksichtigt bei diesen Zahlen des Statistischen Bundesamtes sind die Bewohner von Asylunterk\u00fcnften. <br><strong>Konsequenzen sind eine schleichende Islamisierung.<\/strong> Es sei denn, wir setzen der islamischen Religion bewu\u00dft unseren christlichen Glauben entgegen. <br>Mut zur Mission! <a href=\"https:\/\/christliche-mitte.de\/index.php\/produkt\/3-cm-glaubensbuecher\/\"><strong>3-CM-Glaubensb\u00fccher nach Wahl<\/strong><\/a><br> (15 \u20ac)<\/p>\n","protected":false},"excerpt":{"rendered":"<p>20,8 Mio Menschen in Deutschland haben Migrations-Hintergrund. 65% von ihnen sind im Ausland geboren. Das ist ein Zuwachs von 2,5% Ausl\u00e4ndern im Vergleich zum Vorjahr. 52% der Fremden haben bereits einen deutschen Pa\u00df und sind als deutsche Staatsb\u00fcrger anerkannt. Die restlichen 48% arbeiten noch an der staatsrechtlichen Einb\u00fcrgerung. Unber\u00fccksichtigt bei diesen Zahlen des Statistischen Bundesamtes&hellip;<\/p>\n","protected":false},"author":1,"featured_media":1145,"comment_status":"open","ping_status":"open","sticky":true,"template":"","format":"standard","meta":{"footnotes":""},"categories":[70,4],"tags":[],"class_list":["post-3529","post","type-post","status-publish","format-standard","has-post-thumbnail","hentry","category-islam","category-kurier-der-christlichen-mitte","entry"],"_links":{"self":[{"href":"https:\/\/christliche-mitte.de\/index.php\/wp-json\/wp\/v2\/posts\/3529","targetHints":{"allow":["GET"]}}],"collection":[{"href":"https:\/\/christliche-mitte.de\/index.php\/wp-json\/wp\/v2\/posts"}],"about":[{"href":"https:\/\/christliche-mitte.de\/index.php\/wp-json\/wp\/v2\/types\/post"}],"author":[{"embeddable":true,"href":"https:\/\/christliche-mitte.de\/index.php\/wp-json\/wp\/v2\/users\/1"}],"replies":[{"embeddable":true,"href":"https:\/\/christliche-mitte.de\/index.php\/wp-json\/wp\/v2\/comments?post=3529"}],"version-history":[{"count":1,"href":"https:\/\/christliche-mitte.de\/index.php\/wp-json\/wp\/v2\/posts\/3529\/revisions"}],"predecessor-version":[{"id":3530,"href":"https:\/\/christliche-mitte.de\/index.php\/wp-json\/wp\/v2\/posts\/3529\/revisions\/3530"}],"wp:featuredmedia":[{"embeddable":true,"href":"https:\/\/christliche-mitte.de\/index.php\/wp-json\/wp\/v2\/media\/1145"}],"wp:attachment":[{"href":"https:\/\/christliche-mitte.de\/index.php\/wp-json\/wp\/v2\/media?parent=3529"}],"wp:term":[{"taxonomy":"category","embeddable":true,"href":"https:\/\/christliche-mitte.de\/index.php\/wp-json\/wp\/v2\/categories?post=3529"},{"taxonomy":"post_tag","embeddable":true,"href":"https:\/\/christliche-mitte.de\/index.php\/wp-json\/wp\/v2\/tags?post=3529"}],"curies":[{"name":"wp","href":"https:\/\/api.w.org\/{rel}","templated":true}]}}