{"id":3305,"date":"2020-01-06T23:35:09","date_gmt":"2020-01-06T21:35:09","guid":{"rendered":"https:\/\/christliche-mitte.de\/?p=3305"},"modified":"2020-01-06T23:35:10","modified_gmt":"2020-01-06T21:35:10","slug":"100-jahre-versailler-vertrag","status":"publish","type":"post","link":"https:\/\/christliche-mitte.de\/index.php\/2020\/01\/06\/100-jahre-versailler-vertrag\/","title":{"rendered":"100 Jahre Versailler Vertrag"},"content":{"rendered":"\n<p>Am 10. Januar 1920 tritt der Friedensvertrag in Kraft, der den Ersten Weltkrieg beendet. Der Frieden aber ist zugleich ein Pulverfa\u00df f\u00fcr einen neuen Krieg.<\/p>\n\n\n\n<p>Seit Januar 1919 tagen die Siegerm\u00e4chte England und\nFrankreich zusammen mit den anderen europ\u00e4ischen Alliierten im franz\u00f6sischen\nSchlo\u00df von Versailles nahe Paris, um den Diktat-Frieden auszuarbeiten.\nDeutschland ist als Verliererland nicht eingeladen, mu\u00df aber die Bestimmungen\nunterschreiben. Sonst droht die Fortsetzung des Krieges.<\/p>\n\n\n\n<p>Deutschland \u2013 inzwischen keine Monarchie mehr, sondern eine Demokratie \u2013 mu\u00df die Alleinschuld am Ersten Weltkrieg in \u00a7231 unterschreiben, obgleich 1914 alle europ\u00e4ischen Staaten an der Entfesselung der Kriegs-Spirale schuldhaft beteiligt waren. <br>Folge: Deutschland verliert etwa 1\/7 seines Territoriums, s\u00e4mtliche Kolonien, seine Flotte, und es mu\u00df die Reichswehr auf 100.000 Mann begrenzen. Hohe Reparations-Zahlungen, die das vom Krieg zerriebene Land gar nicht aufbringen kann. So gehen Elsa\u00df-Lothringen, Posen und Westpreu\u00dfen, Eupen-Malmedy verloren; es folgt die Besetzung des Rhein\u00adlandes; das Saargebiet wird bis 1935 vom V\u00f6lkerbund verwaltet. Volks-\u201eAbstimmungen\u201c in Schlesien und Ostpreu\u00dfen.<\/p>\n\n\n\n<p>Das Ziel der Siegerm\u00e4chte: <br>Deutschland soll nie wieder einen Krieg beginnen k\u00f6nnen und zum Bollwerk gegen den Kommunismus in Ru\u00dfland werden, wo 1917 die Oktober-Revolution das Zarentum gest\u00fcrzt hat.<\/p>\n\n\n\n<p>In Deutschland bricht ein Protest-Sturm gegen den Versailler-Vertrag los. Politiker wie Matthias Erzberger (Zentrum), die den Vertrag unterzeichneten, werden heimt\u00fcckisch ermordet. Putschversuche von rechts und links ersch\u00fcttern die junge Weimarer Republik: Am 13. M\u00e4rz 1920 putschen die Milit\u00e4rs unter Generallandwirtschaftsdirektor Wolfgang Kapp und General Freiherr von L\u00fcttwitz gegen die neue b\u00fcrgerlich-soziale Reichsregierung in Berlin, da sie die Verkleinerung des Heeres ablehnen. Die Regierung flieht nach Stuttgart, ein Generalstreik legt Deutschland lahm, und das Vorhaben scheitert. Kapp flieht nach Schweden. Dann ersch\u00fcttert der Ruhr-Kampf die junge Republik. Linksgerichtete Arbeiter im Ruhrgebiet streiken, um den franz\u00f6sischen Reparationen zu entgehen. <br>Bis Ende M\u00e4rz 1920 ist das gesamte Ruhrgebiet unter Kontrolle der Linken. Die Berliner Regierung setzt nun Freikorps und Reichswehr ein, die mit Massen-Erschlie\u00dfungen und Standgerichten durchgreifen. England droht mit Invasion, falls das Ruhrgebiet nicht unter alliierter Kontrolle bleibt. Mitte April ist wieder Ruhe in der Weimarer Republik &#8211; bis 1929 die Weltwirtschafts-Krise den National-Sozialisten die W\u00e4hler in die H\u00e4nde treibt. <\/p>\n\n\n\n<p>1925 f\u00fchrt Papst <strong>Pius XI.<\/strong> das Christ-K\u00f6nigs-Fest ein. Wir wissen, unsere wahre Heimat ist im Himmel<br><em>Sr. M. Anja<\/em><\/p>\n","protected":false},"excerpt":{"rendered":"<p>Am 10. Januar 1920 tritt der Friedensvertrag in Kraft, der den Ersten Weltkrieg beendet. Der Frieden aber ist zugleich ein Pulverfa\u00df f\u00fcr einen neuen Krieg. Seit Januar 1919 tagen die Siegerm\u00e4chte England und Frankreich zusammen mit den anderen europ\u00e4ischen Alliierten im franz\u00f6sischen Schlo\u00df von Versailles nahe Paris, um den Diktat-Frieden auszuarbeiten. Deutschland ist als Verliererland&hellip;<\/p>\n","protected":false},"author":1,"featured_media":0,"comment_status":"open","ping_status":"open","sticky":false,"template":"","format":"standard","meta":{"footnotes":""},"categories":[139,72,4],"tags":[299],"class_list":["post-3305","post","type-post","status-publish","format-standard","hentry","category-geschichte","category-informationen-aus-der-politik","category-kurier-der-christlichen-mitte","tag-versailler-vertrag","no-post-thumbnail","entry"],"_links":{"self":[{"href":"https:\/\/christliche-mitte.de\/index.php\/wp-json\/wp\/v2\/posts\/3305","targetHints":{"allow":["GET"]}}],"collection":[{"href":"https:\/\/christliche-mitte.de\/index.php\/wp-json\/wp\/v2\/posts"}],"about":[{"href":"https:\/\/christliche-mitte.de\/index.php\/wp-json\/wp\/v2\/types\/post"}],"author":[{"embeddable":true,"href":"https:\/\/christliche-mitte.de\/index.php\/wp-json\/wp\/v2\/users\/1"}],"replies":[{"embeddable":true,"href":"https:\/\/christliche-mitte.de\/index.php\/wp-json\/wp\/v2\/comments?post=3305"}],"version-history":[{"count":1,"href":"https:\/\/christliche-mitte.de\/index.php\/wp-json\/wp\/v2\/posts\/3305\/revisions"}],"predecessor-version":[{"id":3306,"href":"https:\/\/christliche-mitte.de\/index.php\/wp-json\/wp\/v2\/posts\/3305\/revisions\/3306"}],"wp:attachment":[{"href":"https:\/\/christliche-mitte.de\/index.php\/wp-json\/wp\/v2\/media?parent=3305"}],"wp:term":[{"taxonomy":"category","embeddable":true,"href":"https:\/\/christliche-mitte.de\/index.php\/wp-json\/wp\/v2\/categories?post=3305"},{"taxonomy":"post_tag","embeddable":true,"href":"https:\/\/christliche-mitte.de\/index.php\/wp-json\/wp\/v2\/tags?post=3305"}],"curies":[{"name":"wp","href":"https:\/\/api.w.org\/{rel}","templated":true}]}}