{"id":3267,"date":"2020-01-02T23:04:51","date_gmt":"2020-01-02T21:04:51","guid":{"rendered":"https:\/\/christliche-mitte.de\/?p=3267"},"modified":"2020-01-02T23:04:54","modified_gmt":"2020-01-02T21:04:54","slug":"deutschland-im-klima-wahn","status":"publish","type":"post","link":"https:\/\/christliche-mitte.de\/index.php\/2020\/01\/02\/deutschland-im-klima-wahn\/","title":{"rendered":"Deutschland im Klima-Wahn"},"content":{"rendered":"\n<p><\/p>\n\n\n\n<p>270.000 Demonstranten vor dem Brandenburger Tor\nin Berlin: Voller Angst um das Welt-Klima. Angst wird auch 2020 zum\nLebens-Elexier. Doch alle Angst ist vom Teufel: Christen sind positiv!<\/p>\n\n\n\n<p>Die Klima-Demonstranten glauben, das Klima langfristig\nunter Kontrolle zu bringen, durch Demonstrationen und Energie-Sparen.\nEinschneidende Ma\u00dfnahmen gegen CO2 sogar von der Bundesregierung, jetzt 2020\nsogar im Wettlauf mit den Gr\u00fcnen. Greta Thunberg\nerhielt jedoch nicht den Friedensnobelpreis.<\/p>\n\n\n\n<p>Wir Christen wissen, da\u00df nicht der Mensch, sondern nur\nder allm\u00e4chtige GOTT alles in Seiner Hand h\u00e4lt \u2013 Leben und Tod und das Klima: \u201eNun aber sind auch eure Haare auf dem Haupt alle gez\u00e4hlt.\nDarum f\u00fcrchtet euch nicht; ihr seid besser als viele Sperlinge.\u201c (Mt 10,\n29-31). Nur: Wir m\u00fcssen GOTT wieder an die erste Stelle im Leben setzen: IHN im\nGebet anrufen, bitten, ehren. SEINE 10 Gebote halten. Den Sonntag wieder\nheiligen. Nur dann kann ER die Wende herbeif\u00fchren.<\/p>\n\n\n\n<p>Und Greta? Eine gesteuerte Ikone. Finanziert vom\nmodernen Geld-Adel. Sind diese selbsternannten Klima-Sch\u00fctzer bereit, GOTT zu\ndienen? Sind die zusammengestr\u00f6mten Demonstranten bereit, aufs Auto und\nUrlaubs-Fl\u00fcge zu verzichten? Haben sie \u00e4hnliche Sorge um das Seelen-Klima?\nFehlanzeige. Das Beicht-Barometer ist von der Wand gefallen. Bereits 1459\nbekr\u00e4ftigt Papst Pius II.: \u201eDie Welt wird nicht\ndurch das Klima zerst\u00f6rt, sondern der J\u00fcngste Tag ist ein \u00fcbernat\u00fcrliches\nEingreifen GOTTES.\u201c<\/p>\n\n\n\n<p>CM-Verteil-Brosch\u00fcre: <a href=\"https:\/\/christliche-mitte.de\/index.php\/produkt\/was-ist-wahrheit\/\"><strong>Was ist die Wahrheit? Die katholische Tradition antwortet <\/strong><\/a>(2 \u20ac)<\/p>\n","protected":false},"excerpt":{"rendered":"<p>270.000 Demonstranten vor dem Brandenburger Tor in Berlin: Voller Angst um das Welt-Klima. Angst wird auch 2020 zum Lebens-Elexier. Doch alle Angst ist vom Teufel: Christen sind positiv! Die Klima-Demonstranten glauben, das Klima langfristig unter Kontrolle zu bringen, durch Demonstrationen und Energie-Sparen. Einschneidende Ma\u00dfnahmen gegen CO2 sogar von der Bundesregierung, jetzt 2020 sogar im Wettlauf&hellip;<\/p>\n","protected":false},"author":1,"featured_media":0,"comment_status":"open","ping_status":"open","sticky":false,"template":"","format":"standard","meta":{"footnotes":""},"categories":[72,4],"tags":[],"class_list":["post-3267","post","type-post","status-publish","format-standard","hentry","category-informationen-aus-der-politik","category-kurier-der-christlichen-mitte","no-post-thumbnail","entry"],"_links":{"self":[{"href":"https:\/\/christliche-mitte.de\/index.php\/wp-json\/wp\/v2\/posts\/3267","targetHints":{"allow":["GET"]}}],"collection":[{"href":"https:\/\/christliche-mitte.de\/index.php\/wp-json\/wp\/v2\/posts"}],"about":[{"href":"https:\/\/christliche-mitte.de\/index.php\/wp-json\/wp\/v2\/types\/post"}],"author":[{"embeddable":true,"href":"https:\/\/christliche-mitte.de\/index.php\/wp-json\/wp\/v2\/users\/1"}],"replies":[{"embeddable":true,"href":"https:\/\/christliche-mitte.de\/index.php\/wp-json\/wp\/v2\/comments?post=3267"}],"version-history":[{"count":1,"href":"https:\/\/christliche-mitte.de\/index.php\/wp-json\/wp\/v2\/posts\/3267\/revisions"}],"predecessor-version":[{"id":3268,"href":"https:\/\/christliche-mitte.de\/index.php\/wp-json\/wp\/v2\/posts\/3267\/revisions\/3268"}],"wp:attachment":[{"href":"https:\/\/christliche-mitte.de\/index.php\/wp-json\/wp\/v2\/media?parent=3267"}],"wp:term":[{"taxonomy":"category","embeddable":true,"href":"https:\/\/christliche-mitte.de\/index.php\/wp-json\/wp\/v2\/categories?post=3267"},{"taxonomy":"post_tag","embeddable":true,"href":"https:\/\/christliche-mitte.de\/index.php\/wp-json\/wp\/v2\/tags?post=3267"}],"curies":[{"name":"wp","href":"https:\/\/api.w.org\/{rel}","templated":true}]}}