{"id":3174,"date":"2019-12-09T21:18:48","date_gmt":"2019-12-09T19:18:48","guid":{"rendered":"https:\/\/christliche-mitte.de\/?p=3174"},"modified":"2019-12-09T21:18:48","modified_gmt":"2019-12-09T19:18:48","slug":"luther-eckt-an-gegen-eck","status":"publish","type":"post","link":"https:\/\/christliche-mitte.de\/index.php\/2019\/12\/09\/luther-eckt-an-gegen-eck\/","title":{"rendered":"Luther eckt an gegen Eck"},"content":{"rendered":"<p>Vor 500 Jahren disputieren in Leipzig Martin Luther und der katholische Theologie-Professor Johannes Eck aus Ingolstadt.<\/p>\n<p>Eck hat \u00fcber die Kritik Luthers an der damals falschen Abla\u00df-Praxis geschrieben: \u201eDarin lobe ich Luther!\u201c Gemeint ist der Verkauf von Abl\u00e4ssen gegen Geld, nicht das Wesen des Ablasses an sich. Daran halten Eck und das Trienter Konzil (1545-1563) fest. Viel gr\u00f6\u00dfer aber die Konflikt-Punkte zwischen Eck und Luther.<\/p>\n<p>Hei\u00dfe Diskussionen z.B. auf der Leipziger Plei\u00dfenburg. Es geht um die Sakramentenlehre, Z\u00f6libat, Priester- und Papsttum, bis schlie\u00dflich der herzogliche Rat beide ermahnt, sachlich zu bleiben und pers\u00f6nliche Beleidigungen zu unterlassen.\u00a0 Luther zitiert dann den 1. Korintherbrief (3,5), um zu beweisen, da\u00df man auch Christ sein kann ohne Papst: \u201eWas ist Apollos? Was Paulus?\u201c Und f\u00fcgt an: \u201eWas Petrus?\u201c \u2013 \u201eIhr aber geh\u00f6rt CHRISTUS\u201c (3,22). Eck dagegen braust auf, denn er ist als Katholik davon \u00fcberzeugt, da\u00df JESUS selbst Petrus als Seinen Stellvertreter und ersten Papst eingesetzt hat. Wortgewaltig verweist er auf Mt 16,18 und zitiert Kirchenv\u00e4ter, Theologen, Heilige und Konzilien. Luther aber er\u00adkl\u00e4rt JESU Worte an Petrus als Fehl-Interpretation der Heiligen Schrift durch die kath. Kirche. Die Konzilien h\u00e4tten geirrt. Eck kontert: \u201eHat GOTT Seine Wahrheit verborgen bis zum Auftreten Luthers?\u201c<\/p>\n<p>Der Saal am\u00fcsiert sich trotz der Schwere und Brisanz der Thematik. Eindeutig geht Eck sp\u00e4ter als Gewinner aus dieser Disputation hervor. Luther selbst zieht den Hut vor Eck.<\/p>\n<p>Besorgt und zornentbrannt wirkt der kath. Theologie-Professor nun in Rom mit an der Exkommunikations-Bulle des Papstes gegen Luther. Luther aber wirft dieses St\u00fcck Papier dann eiskalt ins Feuer. Eck wiederum schreibt ein Handbuch, in welchem er \u00fcber die Unterschiede zwischen dem katholischen Glauben und den neuen Lehren Luthers unterscheidet.<br \/>\n<span style=\"color: #999999;\"><em>Sr. Maria Anja<\/em><\/span><\/p>\n<p>CM-Brosch\u00fcre: <strong><a href=\"https:\/\/christliche-mitte.de\/index.php\/produkt\/was-trennt-die-konfrssionen\/\">Was trennt die Konfessionen?<\/a><\/strong> (2 \u20ac)<\/p>\n<p>&nbsp;<\/p>\n","protected":false},"excerpt":{"rendered":"<p>Vor 500 Jahren disputieren in Leipzig Martin Luther und der katholische Theologie-Professor Johannes Eck aus Ingolstadt. Eck hat \u00fcber die Kritik Luthers an der damals falschen Abla\u00df-Praxis geschrieben: \u201eDarin lobe ich Luther!\u201c Gemeint ist der Verkauf von Abl\u00e4ssen gegen Geld, nicht das Wesen des Ablasses an sich. Daran halten Eck und das Trienter Konzil (1545-1563)&hellip;<\/p>\n","protected":false},"author":1,"featured_media":0,"comment_status":"open","ping_status":"open","sticky":false,"template":"","format":"standard","meta":{"footnotes":""},"categories":[21,4],"tags":[],"class_list":["post-3174","post","type-post","status-publish","format-standard","hentry","category-religionen","category-kurier-der-christlichen-mitte","no-post-thumbnail","entry"],"_links":{"self":[{"href":"https:\/\/christliche-mitte.de\/index.php\/wp-json\/wp\/v2\/posts\/3174","targetHints":{"allow":["GET"]}}],"collection":[{"href":"https:\/\/christliche-mitte.de\/index.php\/wp-json\/wp\/v2\/posts"}],"about":[{"href":"https:\/\/christliche-mitte.de\/index.php\/wp-json\/wp\/v2\/types\/post"}],"author":[{"embeddable":true,"href":"https:\/\/christliche-mitte.de\/index.php\/wp-json\/wp\/v2\/users\/1"}],"replies":[{"embeddable":true,"href":"https:\/\/christliche-mitte.de\/index.php\/wp-json\/wp\/v2\/comments?post=3174"}],"version-history":[{"count":1,"href":"https:\/\/christliche-mitte.de\/index.php\/wp-json\/wp\/v2\/posts\/3174\/revisions"}],"predecessor-version":[{"id":3175,"href":"https:\/\/christliche-mitte.de\/index.php\/wp-json\/wp\/v2\/posts\/3174\/revisions\/3175"}],"wp:attachment":[{"href":"https:\/\/christliche-mitte.de\/index.php\/wp-json\/wp\/v2\/media?parent=3174"}],"wp:term":[{"taxonomy":"category","embeddable":true,"href":"https:\/\/christliche-mitte.de\/index.php\/wp-json\/wp\/v2\/categories?post=3174"},{"taxonomy":"post_tag","embeddable":true,"href":"https:\/\/christliche-mitte.de\/index.php\/wp-json\/wp\/v2\/tags?post=3174"}],"curies":[{"name":"wp","href":"https:\/\/api.w.org\/{rel}","templated":true}]}}