{"id":3107,"date":"2019-10-30T23:21:48","date_gmt":"2019-10-30T21:21:48","guid":{"rendered":"https:\/\/christliche-mitte.de\/?p=3107"},"modified":"2019-10-30T23:32:57","modified_gmt":"2019-10-30T21:32:57","slug":"doch-selbst-greta-machtlos-ist-gott","status":"publish","type":"post","link":"https:\/\/christliche-mitte.de\/index.php\/2019\/10\/30\/doch-selbst-greta-machtlos-ist-gott\/","title":{"rendered":"Doch selbst Greta machtlos ist, GOTT &#8230;"},"content":{"rendered":"<h1 class=\"berschriftalt\" style=\"text-align: center;\"><span style=\"color: #339966;\">FREITAGS-DEMO<\/span><\/h1>\n<h4 class=\"GrundtextVorspannalt\" style=\"text-align: center;\" align=\"center\"><span style=\"color: #993366;\">Oma, Opa, Hand in Hand, sind zur Demo mitgerannt,<\/span><\/h4>\n<h4 class=\"GrundtextVorspannalt\" style=\"text-align: center;\" align=\"center\"><span style=\"color: #993366;\">Opa tr\u00e4gt \u2019ne Sch\u00fclertasche, denn das ist die neuste Masche.<\/span><\/h4>\n<h4 class=\"GrundtextVorspannalt\" style=\"text-align: center;\" align=\"center\"><span style=\"color: #993366;\">Andere, die leben stiller. Sind sie etwa Klima-Killer?<\/span><\/h4>\n<h4 class=\"GrundtextVorspannalt\" style=\"margin-bottom: 2.8pt; text-align: center;\" align=\"center\"><span style=\"color: #993366;\">Machen nieder CO2, stimmen ein ins Gr\u00fcn Geschrei?<\/span><\/h4>\n<h4 class=\"GrundtextVorspannalt\" style=\"text-align: center;\" align=\"center\"><span style=\"color: #993366;\">Doch selbst Greta machtlos ist, GOTT bestimmt der Erde Frist,<\/span><\/h4>\n<h4 class=\"GrundtextVorspannalt\" style=\"text-align: center;\" align=\"center\"><span style=\"color: #993366;\">Sch\u00fcler k\u00f6nnen es mitnichten, GOTT wird Seine Sch\u00f6pfung richten.<\/span><\/h4>\n","protected":false},"excerpt":{"rendered":"<p>FREITAGS-DEMO Oma, Opa, Hand in Hand, sind zur Demo mitgerannt, Opa tr\u00e4gt \u2019ne Sch\u00fclertasche, denn das ist die neuste Masche. Andere, die leben stiller. Sind sie etwa Klima-Killer? Machen nieder CO2, stimmen ein ins Gr\u00fcn Geschrei? Doch selbst Greta machtlos ist, GOTT bestimmt der Erde Frist, Sch\u00fcler k\u00f6nnen es mitnichten, GOTT wird Seine Sch\u00f6pfung richten.<\/p>\n","protected":false},"author":1,"featured_media":3110,"comment_status":"open","ping_status":"open","sticky":false,"template":"","format":"standard","meta":{"footnotes":""},"categories":[72,4],"tags":[],"class_list":["post-3107","post","type-post","status-publish","format-standard","has-post-thumbnail","hentry","category-informationen-aus-der-politik","category-kurier-der-christlichen-mitte","entry"],"_links":{"self":[{"href":"https:\/\/christliche-mitte.de\/index.php\/wp-json\/wp\/v2\/posts\/3107","targetHints":{"allow":["GET"]}}],"collection":[{"href":"https:\/\/christliche-mitte.de\/index.php\/wp-json\/wp\/v2\/posts"}],"about":[{"href":"https:\/\/christliche-mitte.de\/index.php\/wp-json\/wp\/v2\/types\/post"}],"author":[{"embeddable":true,"href":"https:\/\/christliche-mitte.de\/index.php\/wp-json\/wp\/v2\/users\/1"}],"replies":[{"embeddable":true,"href":"https:\/\/christliche-mitte.de\/index.php\/wp-json\/wp\/v2\/comments?post=3107"}],"version-history":[{"count":1,"href":"https:\/\/christliche-mitte.de\/index.php\/wp-json\/wp\/v2\/posts\/3107\/revisions"}],"predecessor-version":[{"id":3108,"href":"https:\/\/christliche-mitte.de\/index.php\/wp-json\/wp\/v2\/posts\/3107\/revisions\/3108"}],"wp:featuredmedia":[{"embeddable":true,"href":"https:\/\/christliche-mitte.de\/index.php\/wp-json\/wp\/v2\/media\/3110"}],"wp:attachment":[{"href":"https:\/\/christliche-mitte.de\/index.php\/wp-json\/wp\/v2\/media?parent=3107"}],"wp:term":[{"taxonomy":"category","embeddable":true,"href":"https:\/\/christliche-mitte.de\/index.php\/wp-json\/wp\/v2\/categories?post=3107"},{"taxonomy":"post_tag","embeddable":true,"href":"https:\/\/christliche-mitte.de\/index.php\/wp-json\/wp\/v2\/tags?post=3107"}],"curies":[{"name":"wp","href":"https:\/\/api.w.org\/{rel}","templated":true}]}}