{"id":3104,"date":"2019-10-30T23:06:44","date_gmt":"2019-10-30T21:06:44","guid":{"rendered":"https:\/\/christliche-mitte.de\/?p=3104"},"modified":"2019-10-30T23:18:41","modified_gmt":"2019-10-30T21:18:41","slug":"mit-den-heiligen-durchs-jahr","status":"publish","type":"post","link":"https:\/\/christliche-mitte.de\/index.php\/2019\/10\/30\/mit-den-heiligen-durchs-jahr\/","title":{"rendered":"Mit den Heiligen durchs Jahr"},"content":{"rendered":"<p><strong>Wir lieben die Heiligen.<\/strong> Deshalb haben wir uns entschlossen, zum Fest Allerheiligen ein neues Buch \u2013 Mit den Heiligen durchs Jahr &#8211; herauszugeben.<br \/>\nDie CHRISTLICHE MITTE m\u00f6chte Ihnen bekannte, aber auch weniger bekannte Heilige und Selige vorstellen und sie Ihnen als Wegbegleiter durch das neue Kirchenjahr mitgeben.<\/p>\n<p><strong>Entflammt vom HEILIGEN GEIST und in der Liebe zu JESUS CHRISTUS und Seiner Kirche,<\/strong> haben die Heiligen die Welt mit dem Licht GOTTES durchflutet. Jeder auf seine Weise:<br \/>\nDie einen durch heldenhaftes Martyrium f\u00fcr den christlichen Glauben, andere durch \u00fcbermenschliche N\u00e4chstenliebe beim Pflegen von Kranken, dritte wiederum durch innige GOTT-Verbundenheit hinter Klostermauern, wieder andere durch heroisches Leiden und mystisches Teilnehmen an der Passion CHRISTI.<\/p>\n<p><strong>Spiegelbilder GOTTES<\/strong><\/p>\n<p><strong>Allen gemeinsam ist<\/strong>, da\u00df sie die Liebe CHRISTI im eigenen Leben im H\u00f6chstma\u00df des Menschenm\u00f6glichen widerspiegeln, ge\u00adst\u00e4rkt von CHRISTUS selbst im Mysterium des Glaubens.<br \/>\n<strong>Sie zeigen uns,<\/strong> wie sie durch \u00e4u\u00dferste Verdem\u00fctigung vor GOTT und den Menschen SEINE Gnade auf sich ziehen und dadurch zu einer GOTTES- und N\u00e4chstenliebe f\u00e4hig werden, die alles menschliche Ma\u00df \u00fcbersteigt, weil GOTT selbst hier am Werk ist.<br \/>\n<strong>Oft sind sie<\/strong> von ihrer Umgebung unverstanden, tragen dies aber als Teilhabe am Kreuz CHRISTI mit IHM durch, wie Clemens Maria Hofbauer oder die Mystikerin Teresa von Avila mit ihren Visionen und Klostergr\u00fcndungen. Andere Heilige und Selige gelten bereits zu ihren Lebzeiten als heilig wie Hildegard von Bingen. F\u00fcr alle aber gilt: Nicht das Urteil der Menschen ist entscheidend, sondern das Urteil GOTTES. Wer offiziell von der katholischen Kirche heiliggesprochen wird, mu\u00df mindestens \u2013 auf des Heiligen F\u00fcrsprache hin nach dessen Tod \u2013 zwei Wunder bewirkt haben. Rom pr\u00fcft seit Jahrhunderten in langwierigen Untersuchungen und hohen Aktenbergen die Glaubw\u00fcrdigkeit der Berichte und Zeugen, bevor es die offizielle Heiligsprechung vornimmt.<\/p>\n<p><strong>Das Fest Allerheiligen<\/strong><\/p>\n<p><strong>Jedes Jahr am ersten November feiern wir das Fest Al\u00adlerheiligen.<\/strong> Die Kirche dankt GOTT feierlich an diesem Tag f\u00fcr die Gnaden und Tugenden aller heiligen Menschen: Der von Rom offiziell Heilig-Gespro\u00adchenen, aber auch aller Christen, die unerkannt CHRISTUS in Liebe, G\u00fcte und Barmherzigkeit auf heroische Weise \u00e4hnlich wurden. Ihnen gemeinsam ist ein heroischer Tugend-Grad, der das Durchschnitts-Ma\u00df \u00fcbersteigt. Sie zeigen uns den Weg unserer Be\u00adstimmung und legen F\u00fcrsprache bei GOTT ein, damit auch wir unser Ziel erreichen: \u201eDiese konnten es und jene, warum nicht auch ich?\u201c (Hl. Augustinus).<\/p>\n<p><strong>Wir feiern das Fest Allerheiligen in Europa<\/strong> seit dem 4. Jahrhundert. Urspr\u00fcnglich am Sonntag nach Pfingsten, dann aber seit Papst Gregor IV. (835 n. CHR.) am 1. November jedes Jahres. Wie die Heiligen w\u00e4hrend ihres Lebens schwer gepr\u00fcft wurden im Glauben, so sollen auch wir unser Kreuz tragen und standhalten im Guten. Das Evangelium dieses Tages (Mt 5, 1-12) verhei\u00dft jedem, der standhaft bleibt, die Selig\u00adpreisungen JESU in der Bergpredigt: \u201eSelig die Barm\u00adherzigen, denn sie werden Barmherzigkeit erlangen!\u201c<\/p>\n<p><strong>Vorbilder und F\u00fcrsprecher<\/strong><\/p>\n<p><strong>Wir m\u00f6chten Sie,<\/strong> liebe KURIER-Leser, ermutigen, diesen Heiligen nachzueifern, denn JESUS w\u00fcnscht von jedem Christen: \u201eSeid heilig, wie Euer VATER im Himmel heilig ist\u201c (Mt 5, 48).<br \/>\n<strong>Die von uns vorgestellten Heiligen und Seligen<\/strong> sind nur eine kleine Auswahl der kirchlich Anerkannten. Daher haben wir jedem Kapitel eine Gesamt\u00fcbersicht der Festtage vorangestellt. Wir w\u00fcnschen Ihnen viel Freude und GOTTES reichen Segen beim Lesen und Staunen \u00fcber das Wirken GOTTES bis in unsere Zeit. \u00a0\u00a0\u00a0\u00a0\u00a0 <span style=\"color: #999999;\"><em>Sr. M. Anja<\/em><\/span><\/p>\n<p><strong>CM-Buch: <a href=\"https:\/\/christliche-mitte.de\/index.php\/produkt\/mit-den-heiligen-durch-das-jahr\/\">Mit den Heiligen durch das Jahr <\/a>(5 \u20ac)<\/strong><\/p>\n","protected":false},"excerpt":{"rendered":"<p>Wir lieben die Heiligen. Deshalb haben wir uns entschlossen, zum Fest Allerheiligen ein neues Buch \u2013 Mit den Heiligen durchs Jahr &#8211; herauszugeben. Die CHRISTLICHE MITTE m\u00f6chte Ihnen bekannte, aber auch weniger bekannte Heilige und Selige vorstellen und sie Ihnen als Wegbegleiter durch das neue Kirchenjahr mitgeben. Entflammt vom HEILIGEN GEIST und in der Liebe&hellip;<\/p>\n","protected":false},"author":1,"featured_media":3106,"comment_status":"open","ping_status":"open","sticky":false,"template":"","format":"standard","meta":{"footnotes":""},"categories":[71,4],"tags":[282],"class_list":["post-3104","post","type-post","status-publish","format-standard","has-post-thumbnail","hentry","category-christus-glaube","category-kurier-der-christlichen-mitte","tag-mit-den-heiligen-durchs-jahr","entry"],"_links":{"self":[{"href":"https:\/\/christliche-mitte.de\/index.php\/wp-json\/wp\/v2\/posts\/3104","targetHints":{"allow":["GET"]}}],"collection":[{"href":"https:\/\/christliche-mitte.de\/index.php\/wp-json\/wp\/v2\/posts"}],"about":[{"href":"https:\/\/christliche-mitte.de\/index.php\/wp-json\/wp\/v2\/types\/post"}],"author":[{"embeddable":true,"href":"https:\/\/christliche-mitte.de\/index.php\/wp-json\/wp\/v2\/users\/1"}],"replies":[{"embeddable":true,"href":"https:\/\/christliche-mitte.de\/index.php\/wp-json\/wp\/v2\/comments?post=3104"}],"version-history":[{"count":1,"href":"https:\/\/christliche-mitte.de\/index.php\/wp-json\/wp\/v2\/posts\/3104\/revisions"}],"predecessor-version":[{"id":3105,"href":"https:\/\/christliche-mitte.de\/index.php\/wp-json\/wp\/v2\/posts\/3104\/revisions\/3105"}],"wp:featuredmedia":[{"embeddable":true,"href":"https:\/\/christliche-mitte.de\/index.php\/wp-json\/wp\/v2\/media\/3106"}],"wp:attachment":[{"href":"https:\/\/christliche-mitte.de\/index.php\/wp-json\/wp\/v2\/media?parent=3104"}],"wp:term":[{"taxonomy":"category","embeddable":true,"href":"https:\/\/christliche-mitte.de\/index.php\/wp-json\/wp\/v2\/categories?post=3104"},{"taxonomy":"post_tag","embeddable":true,"href":"https:\/\/christliche-mitte.de\/index.php\/wp-json\/wp\/v2\/tags?post=3104"}],"curies":[{"name":"wp","href":"https:\/\/api.w.org\/{rel}","templated":true}]}}