{"id":2949,"date":"2019-08-30T21:38:39","date_gmt":"2019-08-30T19:38:39","guid":{"rendered":"https:\/\/christliche-mitte.de\/?p=2949"},"modified":"2019-08-30T21:42:55","modified_gmt":"2019-08-30T19:42:55","slug":"ein-bischof-spricht-klartext","status":"publish","type":"post","link":"https:\/\/christliche-mitte.de\/index.php\/2019\/08\/30\/ein-bischof-spricht-klartext\/","title":{"rendered":"Ein Bischof spricht Klartext"},"content":{"rendered":"<p class=\"GrundtextVorspann2017\">Der emeritierte Augsburger <strong>Bischof Walter Mixa<\/strong> (77) fordert in einem Vortrag <strong>\u00fcber den Islam<\/strong> im Stuttgarter Rathaus, da\u00df der <strong>Bau von Kirchen in islamischen L\u00e4ndern erlaubt werden mu\u00df.<\/strong><\/p>\n<p class=\"Grundtext2017\"><strong>Bischof Mixa<\/strong> war von dem AfD-Stadtrat <span class=\"Grundfett\">Eberhard Brett<\/span> eingeladen worden, \u00fcber das Thema \u201eDer Islam: Eine Herausforderung?\u201c zu sprechen. <strong>Klar erkl\u00e4rt Mixa, da\u00df er den Bau von Moscheen in Deutschland ablehnt<\/strong>, denn: \u201eEuropa kann und darf nicht islamisiert werden.\u201c<br \/>\n<strong>Der Islam mit seinem Aufruf zum \u201eHeiligen Krieg\u201c gegen alle \u201eUngl\u00e4ubigen\u201c<\/strong> steht im krassen Gegensatz zu der von JESUS CHRISTUS verlangten N\u00e4chsten- und Feindesliebe. Ganz zu schweigen von dem unterschiedlichen GOTTES-Bild beider Religionen. \u201eDer Islam hat die Perspektive, da\u00df man die t\u00f6ten kann, die sich ihm nicht unterwerfen\u201c, so der Bischof in Stuttgart.<\/p>\n<p><span class=\"Grundkurisv\"><a href=\"https:\/\/christliche-mitte.de\/index.php\/produkt\/9-cm-islam-buecher-zum-sonderpreis-von-20-euro\/\"><strong>9-CM-Islam-B\u00fccher-Paket<\/strong><\/a> (20 \u20ac)<\/span><\/p>\n","protected":false},"excerpt":{"rendered":"<p>Der emeritierte Augsburger Bischof Walter Mixa (77) fordert in einem Vortrag \u00fcber den Islam im Stuttgarter Rathaus, da\u00df der Bau von Kirchen in islamischen L\u00e4ndern erlaubt werden mu\u00df. Bischof Mixa war von dem AfD-Stadtrat Eberhard Brett eingeladen worden, \u00fcber das Thema \u201eDer Islam: Eine Herausforderung?\u201c zu sprechen. Klar erkl\u00e4rt Mixa, da\u00df er den Bau von&hellip;<\/p>\n","protected":false},"author":1,"featured_media":2952,"comment_status":"open","ping_status":"open","sticky":false,"template":"","format":"standard","meta":{"footnotes":""},"categories":[70,4],"tags":[257,256,258],"class_list":["post-2949","post","type-post","status-publish","format-standard","has-post-thumbnail","hentry","category-islam","category-kurier-der-christlichen-mitte","tag-bau-von-moscheen-in-deutschland","tag-bischof-walter-mixa","tag-kirchen-in-islamischen-laendern","entry"],"_links":{"self":[{"href":"https:\/\/christliche-mitte.de\/index.php\/wp-json\/wp\/v2\/posts\/2949","targetHints":{"allow":["GET"]}}],"collection":[{"href":"https:\/\/christliche-mitte.de\/index.php\/wp-json\/wp\/v2\/posts"}],"about":[{"href":"https:\/\/christliche-mitte.de\/index.php\/wp-json\/wp\/v2\/types\/post"}],"author":[{"embeddable":true,"href":"https:\/\/christliche-mitte.de\/index.php\/wp-json\/wp\/v2\/users\/1"}],"replies":[{"embeddable":true,"href":"https:\/\/christliche-mitte.de\/index.php\/wp-json\/wp\/v2\/comments?post=2949"}],"version-history":[{"count":2,"href":"https:\/\/christliche-mitte.de\/index.php\/wp-json\/wp\/v2\/posts\/2949\/revisions"}],"predecessor-version":[{"id":2951,"href":"https:\/\/christliche-mitte.de\/index.php\/wp-json\/wp\/v2\/posts\/2949\/revisions\/2951"}],"wp:featuredmedia":[{"embeddable":true,"href":"https:\/\/christliche-mitte.de\/index.php\/wp-json\/wp\/v2\/media\/2952"}],"wp:attachment":[{"href":"https:\/\/christliche-mitte.de\/index.php\/wp-json\/wp\/v2\/media?parent=2949"}],"wp:term":[{"taxonomy":"category","embeddable":true,"href":"https:\/\/christliche-mitte.de\/index.php\/wp-json\/wp\/v2\/categories?post=2949"},{"taxonomy":"post_tag","embeddable":true,"href":"https:\/\/christliche-mitte.de\/index.php\/wp-json\/wp\/v2\/tags?post=2949"}],"curies":[{"name":"wp","href":"https:\/\/api.w.org\/{rel}","templated":true}]}}