{"id":2947,"date":"2019-08-30T21:28:22","date_gmt":"2019-08-30T19:28:22","guid":{"rendered":"https:\/\/christliche-mitte.de\/?p=2947"},"modified":"2019-10-30T23:36:49","modified_gmt":"2019-10-30T21:36:49","slug":"biologie-professor-vor-gericht","status":"publish","type":"post","link":"https:\/\/christliche-mitte.de\/index.php\/2019\/08\/30\/biologie-professor-vor-gericht\/","title":{"rendered":"Biologie-Professor vor Gericht"},"content":{"rendered":"<p class=\"GrundtextVorspann2017\"><strong>Dr. Ulrich Kutschera<\/strong> (64) wurde in Kassel vor Gericht gezerrt, da er die \u201eEhe f\u00fcr alle\u201c kritisierte.<\/p>\n<p class=\"Grundtext2017\"><strong>Der Vorwurf aus der Homo-Lobby<\/strong> an der Uni: <strong>\u201eVolksverhetzung, Beleidigung und Verleumdung\u201c<\/strong>.<br \/>\nWas war geschehen?<br \/>\n<strong>Der Wissenschaftler hatte<\/strong> auf dem katholischen Nachrichtenportal \u201ekath.net\u201c gewarnt, da\u00df eine \u201eEhe\u201c f\u00fcr Homosexuelle, die Kinder gro\u00dfziehen, auf Kosten der gesunden Entwicklung der Kinder geht: \u201eSollte das Adoptionsrecht f\u00fcr Mann-Mann- bzw. Frau-Frau-Erotikvereinigungen kommen, sehe ich staatlich gef\u00f6rderte P\u00e4dophilie und schwersten Kindesmi\u00dfbrauch auf uns zukommen.\u201c <strong>Das war im Juli 2017.<br \/>\n<\/strong> <strong>2019<\/strong> ist die Gerichtsverhandlung in einem \u00fcberf\u00fcllten Saal im Amtsgericht Kassel.<br \/>\n<strong><span class=\"Grundfett\">Dr. Kutschera<\/span> ist Atheist,<\/strong> w\u00e4hlte aber das katholische Nachrichten-Portal f\u00fcr seine Warnung, da andere Medien \u201ebereits hoffnungslos im Gender-Sumpf versunken sind\u201c <span class=\"Grundkurisv\">(privat-depesche).<\/span><br \/>\nEin Ende des Verfahrens ist derzeit nicht in Sicht.<\/p>\n<p class=\"Grundtext2017\"><span class=\"Grundkurisv\"><strong>CM-Buch<\/strong>: <strong><a href=\"https:\/\/christliche-mitte.de\/index.php\/produkt\/irrwege-des-gluecks\/\">Irrwege des Gl\u00fccks<\/a><\/strong> (5 \u20ac)<\/span><\/p>\n","protected":false},"excerpt":{"rendered":"<p>Dr. Ulrich Kutschera (64) wurde in Kassel vor Gericht gezerrt, da er die \u201eEhe f\u00fcr alle\u201c kritisierte. Der Vorwurf aus der Homo-Lobby an der Uni: \u201eVolksverhetzung, Beleidigung und Verleumdung\u201c. Was war geschehen? Der Wissenschaftler hatte auf dem katholischen Nachrichtenportal \u201ekath.net\u201c gewarnt, da\u00df eine \u201eEhe\u201c f\u00fcr Homosexuelle, die Kinder gro\u00dfziehen, auf Kosten der gesunden Entwicklung der&hellip;<\/p>\n","protected":false},"author":1,"featured_media":1928,"comment_status":"open","ping_status":"open","sticky":false,"template":"","format":"standard","meta":{"footnotes":""},"categories":[54,4],"tags":[254,250,183,251,252,255,253],"class_list":["post-2947","post","type-post","status-publish","format-standard","has-post-thumbnail","hentry","category-gender-sexualitaet","category-kurier-der-christlichen-mitte","tag-beleidigung","tag-dr-ulrich-kutschera","tag-gender","tag-homo-lobby","tag-prozess","tag-verleumdung","tag-volksverhetzung","entry"],"_links":{"self":[{"href":"https:\/\/christliche-mitte.de\/index.php\/wp-json\/wp\/v2\/posts\/2947","targetHints":{"allow":["GET"]}}],"collection":[{"href":"https:\/\/christliche-mitte.de\/index.php\/wp-json\/wp\/v2\/posts"}],"about":[{"href":"https:\/\/christliche-mitte.de\/index.php\/wp-json\/wp\/v2\/types\/post"}],"author":[{"embeddable":true,"href":"https:\/\/christliche-mitte.de\/index.php\/wp-json\/wp\/v2\/users\/1"}],"replies":[{"embeddable":true,"href":"https:\/\/christliche-mitte.de\/index.php\/wp-json\/wp\/v2\/comments?post=2947"}],"version-history":[{"count":1,"href":"https:\/\/christliche-mitte.de\/index.php\/wp-json\/wp\/v2\/posts\/2947\/revisions"}],"predecessor-version":[{"id":2948,"href":"https:\/\/christliche-mitte.de\/index.php\/wp-json\/wp\/v2\/posts\/2947\/revisions\/2948"}],"wp:featuredmedia":[{"embeddable":true,"href":"https:\/\/christliche-mitte.de\/index.php\/wp-json\/wp\/v2\/media\/1928"}],"wp:attachment":[{"href":"https:\/\/christliche-mitte.de\/index.php\/wp-json\/wp\/v2\/media?parent=2947"}],"wp:term":[{"taxonomy":"category","embeddable":true,"href":"https:\/\/christliche-mitte.de\/index.php\/wp-json\/wp\/v2\/categories?post=2947"},{"taxonomy":"post_tag","embeddable":true,"href":"https:\/\/christliche-mitte.de\/index.php\/wp-json\/wp\/v2\/tags?post=2947"}],"curies":[{"name":"wp","href":"https:\/\/api.w.org\/{rel}","templated":true}]}}