{"id":2938,"date":"2019-08-30T20:24:37","date_gmt":"2019-08-30T18:24:37","guid":{"rendered":"https:\/\/christliche-mitte.de\/?p=2938"},"modified":"2019-08-30T20:24:37","modified_gmt":"2019-08-30T18:24:37","slug":"gefaehrliche-migranten","status":"publish","type":"post","link":"https:\/\/christliche-mitte.de\/index.php\/2019\/08\/30\/gefaehrliche-migranten\/","title":{"rendered":"Gef\u00e4hrliche Migranten"},"content":{"rendered":"<p>Nach einem guten Wort Horst Seehofers ist die <strong>Migration die Mutter aller Probleme<\/strong>. Sie ist aber <strong>auch die Mutter vieler Gefahren!<\/strong> Die Hauptgefahr geht von der Religion aus, welche die Fremden mitbringen.<\/p>\n<p><strong>Denn der Islam steht zum Christentum im sch\u00e4rfsten Gegensatz<\/strong> und betrachtet es als einen Hauptfeind. Wie sollen wir den gef\u00e4hrlichen Migranten da begegnen, die massenhaft in unser Land str\u00f6men und oft in unserer Nachbarschaft wohnen?<\/p>\n<p><strong>Der heilige Johannes sagt in seinem zweiten Brief<\/strong>, da\u00df wir niemanden in unser Haus aufnehmen sollen, der den wahren Glauben nicht mitbringt.<br \/>\nWarum?<br \/>\n<strong>Aus dem Leben mit Muslimen<\/strong> k\u00f6nnen Freundschaften und Misch-Ehen entstehen, die eine gro\u00dfe Gefahr f\u00fcr den Glauben darstellen. Oder manche k\u00f6nnten den Islam f\u00fcr tolerant halten. In den letzten 20 Jahren sind 40.000 Deutsche zum Islam \u00fcbergetreten.<\/p>\n<p><strong>Sie haben dem Dreifaltigen Gott den R\u00fccken gekehrt und das islamische Glaubens-Bekenntnis abgelegt<\/strong>: \u201eIch bekenne, da\u00df es keinen Gott gibt au\u00dfer Allah und da\u00df Mohammed sein Prophet ist.\u201c<br \/>\nNun <strong>leben sie als Muslime und praktizieren eine barbarische Religion<\/strong>, die den Charakter verdirbt und das ewige Heil gef\u00e4hrdet.<br \/>\n<strong><span style=\"color: #000080;\">Johannes verweigert den Fremden zwar nicht die christliche N\u00e4chstenliebe,<\/span><\/strong> ihren gef\u00e4hrlichen und verderblichen Irrglauben aber weist er entschieden zur\u00fcck.<br \/>\n<span style=\"color: #000080;\"><strong>Das ist die Art,<\/strong><\/span> wie auch wir den muslimischen Migranten begegnen m\u00fcssen.<br \/>\nAugustinus sagt kurz und b\u00fcndig: <strong><span style=\"color: #000080;\">Den Irrenden lieben, seinen Irrtum hassen!<br \/>\n<\/span><\/strong>WJM<\/p>\n<p><strong>CM-Brosch\u00fcre: <a href=\"https:\/\/christliche-mitte.de\/index.php\/produkt\/ich-war-mit-einem-muslim-verheiratet\/\">Ich war mit einem Muslim verheiratet<\/a> <\/strong>(2 \u20ac)<\/p>\n","protected":false},"excerpt":{"rendered":"<p>Nach einem guten Wort Horst Seehofers ist die Migration die Mutter aller Probleme. Sie ist aber auch die Mutter vieler Gefahren! Die Hauptgefahr geht von der Religion aus, welche die Fremden mitbringen. Denn der Islam steht zum Christentum im sch\u00e4rfsten Gegensatz und betrachtet es als einen Hauptfeind. Wie sollen wir den gef\u00e4hrlichen Migranten da begegnen,&hellip;<\/p>\n","protected":false},"author":1,"featured_media":1821,"comment_status":"open","ping_status":"open","sticky":false,"template":"","format":"standard","meta":{"footnotes":""},"categories":[70,4],"tags":[249],"class_list":["post-2938","post","type-post","status-publish","format-standard","has-post-thumbnail","hentry","category-islam","category-kurier-der-christlichen-mitte","tag-gefaehrliche-migranten","entry"],"_links":{"self":[{"href":"https:\/\/christliche-mitte.de\/index.php\/wp-json\/wp\/v2\/posts\/2938","targetHints":{"allow":["GET"]}}],"collection":[{"href":"https:\/\/christliche-mitte.de\/index.php\/wp-json\/wp\/v2\/posts"}],"about":[{"href":"https:\/\/christliche-mitte.de\/index.php\/wp-json\/wp\/v2\/types\/post"}],"author":[{"embeddable":true,"href":"https:\/\/christliche-mitte.de\/index.php\/wp-json\/wp\/v2\/users\/1"}],"replies":[{"embeddable":true,"href":"https:\/\/christliche-mitte.de\/index.php\/wp-json\/wp\/v2\/comments?post=2938"}],"version-history":[{"count":1,"href":"https:\/\/christliche-mitte.de\/index.php\/wp-json\/wp\/v2\/posts\/2938\/revisions"}],"predecessor-version":[{"id":2939,"href":"https:\/\/christliche-mitte.de\/index.php\/wp-json\/wp\/v2\/posts\/2938\/revisions\/2939"}],"wp:featuredmedia":[{"embeddable":true,"href":"https:\/\/christliche-mitte.de\/index.php\/wp-json\/wp\/v2\/media\/1821"}],"wp:attachment":[{"href":"https:\/\/christliche-mitte.de\/index.php\/wp-json\/wp\/v2\/media?parent=2938"}],"wp:term":[{"taxonomy":"category","embeddable":true,"href":"https:\/\/christliche-mitte.de\/index.php\/wp-json\/wp\/v2\/categories?post=2938"},{"taxonomy":"post_tag","embeddable":true,"href":"https:\/\/christliche-mitte.de\/index.php\/wp-json\/wp\/v2\/tags?post=2938"}],"curies":[{"name":"wp","href":"https:\/\/api.w.org\/{rel}","templated":true}]}}