{"id":2856,"date":"2019-08-01T15:44:07","date_gmt":"2019-08-01T13:44:07","guid":{"rendered":"https:\/\/christliche-mitte.de\/?p=2856"},"modified":"2019-08-01T15:44:07","modified_gmt":"2019-08-01T13:44:07","slug":"volksfest-im-ramadan","status":"publish","type":"post","link":"https:\/\/christliche-mitte.de\/index.php\/2019\/08\/01\/volksfest-im-ramadan\/","title":{"rendered":"Volksfest im Ramadan"},"content":{"rendered":"<p class=\"GrundtextVorspann2017\"><strong>Erst nach Sonnen-Untergang d\u00fcrfen Muslime in ihrem Fasten-Monat Ramadan wieder essen und trinken.<\/strong> Und das wird geh\u00f6rig wahrgenommen. Insbesondere dieses Jahr in der westf\u00e4lischen Stadt Dortmund.<\/p>\n<p class=\"Grundtext2017\">Dort erlebten viele der 580.000 Einwohner die Ramadan-\u201eFreude\u201c ungewollt mit. Denn zu einer Art <strong>Volksfest bis Mitternacht<\/strong> str\u00f6mten bis zu 200.000 Muslime zusammen. Jetzt schon zum 8. Male.<br \/>\nAber: <strong>Vielleicht zum letzten Mal.<\/strong><\/p>\n<p class=\"Grundtext2017\"><strong>Lautst\u00e4rke und Radau waren so gro\u00df,<\/strong> da\u00df sich mancher Dortmunder im Bett umdrehte. Der Oberb\u00fcrgermeister mu\u00df um seine Wiederwahl f\u00fcrchten, wenn die Nachtruhe noch einmal auf diese Weise ausgehebelt wird. Vom Veranstalter verlangt er jetzt die Angabe eines Ersatzortes.<\/p>\n<p><span class=\"Grundkurisv\"><a href=\"https:\/\/christliche-mitte.de\/index.php\/produkt\/9-cm-islam-buecher-zum-sonderpreis-von-20-euro\/\">9-CM-Islam-B\u00fccher-Paket<\/a> (20 \u20ac)<\/span><\/p>\n","protected":false},"excerpt":{"rendered":"<p>Erst nach Sonnen-Untergang d\u00fcrfen Muslime in ihrem Fasten-Monat Ramadan wieder essen und trinken. Und das wird geh\u00f6rig wahrgenommen. Insbesondere dieses Jahr in der westf\u00e4lischen Stadt Dortmund. Dort erlebten viele der 580.000 Einwohner die Ramadan-\u201eFreude\u201c ungewollt mit. Denn zu einer Art Volksfest bis Mitternacht str\u00f6mten bis zu 200.000 Muslime zusammen. Jetzt schon zum 8. Male. Aber:&hellip;<\/p>\n","protected":false},"author":1,"featured_media":2024,"comment_status":"open","ping_status":"open","sticky":false,"template":"","format":"standard","meta":{"footnotes":""},"categories":[70,4],"tags":[236,237,235],"class_list":["post-2856","post","type-post","status-publish","format-standard","has-post-thumbnail","hentry","category-islam","category-kurier-der-christlichen-mitte","tag-fasten-monat","tag-islam","tag-ramadan","entry"],"_links":{"self":[{"href":"https:\/\/christliche-mitte.de\/index.php\/wp-json\/wp\/v2\/posts\/2856","targetHints":{"allow":["GET"]}}],"collection":[{"href":"https:\/\/christliche-mitte.de\/index.php\/wp-json\/wp\/v2\/posts"}],"about":[{"href":"https:\/\/christliche-mitte.de\/index.php\/wp-json\/wp\/v2\/types\/post"}],"author":[{"embeddable":true,"href":"https:\/\/christliche-mitte.de\/index.php\/wp-json\/wp\/v2\/users\/1"}],"replies":[{"embeddable":true,"href":"https:\/\/christliche-mitte.de\/index.php\/wp-json\/wp\/v2\/comments?post=2856"}],"version-history":[{"count":1,"href":"https:\/\/christliche-mitte.de\/index.php\/wp-json\/wp\/v2\/posts\/2856\/revisions"}],"predecessor-version":[{"id":2857,"href":"https:\/\/christliche-mitte.de\/index.php\/wp-json\/wp\/v2\/posts\/2856\/revisions\/2857"}],"wp:featuredmedia":[{"embeddable":true,"href":"https:\/\/christliche-mitte.de\/index.php\/wp-json\/wp\/v2\/media\/2024"}],"wp:attachment":[{"href":"https:\/\/christliche-mitte.de\/index.php\/wp-json\/wp\/v2\/media?parent=2856"}],"wp:term":[{"taxonomy":"category","embeddable":true,"href":"https:\/\/christliche-mitte.de\/index.php\/wp-json\/wp\/v2\/categories?post=2856"},{"taxonomy":"post_tag","embeddable":true,"href":"https:\/\/christliche-mitte.de\/index.php\/wp-json\/wp\/v2\/tags?post=2856"}],"curies":[{"name":"wp","href":"https:\/\/api.w.org\/{rel}","templated":true}]}}