{"id":2837,"date":"2019-07-30T18:33:10","date_gmt":"2019-07-30T16:33:10","guid":{"rendered":"https:\/\/christliche-mitte.de\/?p=2837"},"modified":"2019-07-30T20:29:58","modified_gmt":"2019-07-30T18:29:58","slug":"was-trennt-katholiken-und-protestanten","status":"publish","type":"post","link":"https:\/\/christliche-mitte.de\/index.php\/2019\/07\/30\/was-trennt-katholiken-und-protestanten\/","title":{"rendered":"Was trennt Katholiken und Protestanten?"},"content":{"rendered":"<p>In acht deutschen Bist\u00fcmern ist seit 2018 die Inter-Kommunion m\u00f6glich: Entgegen der 2.000j\u00e4hrigen Lehre JESU. Die Unterschiede im Glauben von Protestanten und Katholiken bestehen bis heute.<\/p>\n<p>Entschieden bekennt sich das Trienter Konzil (1545\ufffd-\ufffd1563) der kath. Kirche zum Papst und zur apostolischen Sukzession der Priester.<\/p>\n<p><strong>Priesterweihe<\/strong><\/p>\n<p>Jeder katholische Priester kommt seit der Urkirche durch Handauflegung durch den Bischof &#8211; als Nachfolger der 12 Apostel &#8211; in sein Amt. Auch Anhauchen mit dem HEILIGEN GEIST geht auf die Amtseinsetzung der Apostel durch den GOTT-Menschen selbst zur\u00fcck (Joh 20, 22). Durch den geweihten Priester spricht bis heute CHRISTUS selbst. In der Priesterweihe \u2013 die Luther verwirft \u2013 bekommt der katholische Priester seit alters her die Vollmacht, die sieben Sakramente zu spenden.<\/p>\n<p><strong>Hl. Me\u00dfopfer<\/strong><\/p>\n<p>Luther verwirft den Opfercharakter der Me\u00dffeier und die dauerhafte Wesens-Verwandlung von Brot und Wein. F\u00fcr die Katholiken jedoch ist das hl. Me\u00dfopfer bis heute die Feier des S\u00fchne-Todes JESU CHRISTI: In jeder Wandlung werden Brot und Wein in den Leib und das Blut CHRISTI gewandelt (Transsubstantiation) \u2013 zur Vergebung der S\u00fcnden. Luther dagegen spricht lediglich von \u201eKonsubstantiation\u201c beider Gestalten in der hl. Kommunion und h\u00e4lt an dem Charakter des \u201eAbschiedsmahles\u201c fest.<\/p>\n<p><strong>Sakramente<\/strong><\/p>\n<p>Die kath. Kirche kennt seit jeher 7 Sakramente, Luther verk\u00fcrzt sie auf zwei. In jedem der 7 Sakramente wirkt \u2013 nach katholischem Glaubensverst\u00e4ndnis \u2013 CHRISTUS selbst mit Seiner g\u00f6ttlichen Kraft. Die Sakramente (wirkm\u00e4chtige Zeichen) sind die Br\u00fccke GOTT und Mensch, zwischen Zeit und Ewigkeit: Wenn der Priester in der Beichte die S\u00fcnden vergibt, ist es CHRISTUS, der im HEILIGEN GEIST die Schuld tilgt. In der heiligen Wandlung ist es JESUS selbst, der Brot in Seinen Leib verwandelt und den Wein in Sein heiliges Blut.<\/p>\n<p><strong>Papst<\/strong><\/p>\n<p>Der geweihte Priester ist Mittler zwischen GOTT und den Menschen. Damit verwirft das Konzil auch Luthers Lehre vom allgemeinen Priestertum. Ebenso jede Kritik am Hirtenamt des Papstes, denn JESUS selbst setzt Petrus als Seinen Stellvertreter ein (Mt 16, 19) und bekr\u00e4ftigt dessen Berufung nach Seiner Auferstehung (Joh 21, 15-17). Der Papst hat die Aufgabe, die katholische Lehre durch alle St\u00fcrme der Zeiten zu verteidigen und zu bewahren. Sonst macht er sich schuldig am Sendungs-Auftrag JESU.<br \/>\n<span style=\"color: #999999;\"><em>Sr. Maria Anja<\/em><\/span><\/p>\n<p><strong>CM-Brosch\u00fcre:<\/strong> <a href=\"https:\/\/christliche-mitte.de\/index.php\/2019\/07\/30\/was-trennt-katholiken-und-protestanten\/\">Was trennt die Konfessionen?<\/a><br \/>\n(aktualisierte Neu-Auflage, 2 \u20ac)<\/p>\n","protected":false},"excerpt":{"rendered":"<p>In acht deutschen Bist\u00fcmern ist seit 2018 die Inter-Kommunion m\u00f6glich: Entgegen der 2.000j\u00e4hrigen Lehre JESU. Die Unterschiede im Glauben von Protestanten und Katholiken bestehen bis heute. Entschieden bekennt sich das Trienter Konzil (1545\ufffd-\ufffd1563) der kath. Kirche zum Papst und zur apostolischen Sukzession der Priester. Priesterweihe Jeder katholische Priester kommt seit der Urkirche durch Handauflegung durch&hellip;<\/p>\n","protected":false},"author":1,"featured_media":1951,"comment_status":"open","ping_status":"open","sticky":false,"template":"","format":"standard","meta":{"footnotes":""},"categories":[21,4],"tags":[226,227,225,224],"class_list":["post-2837","post","type-post","status-publish","format-standard","has-post-thumbnail","hentry","category-religionen","category-kurier-der-christlichen-mitte","tag-katholiken","tag-protestanten","tag-trienter-konzil","tag-was-trennt-katholiken-und-protestanten","entry"],"_links":{"self":[{"href":"https:\/\/christliche-mitte.de\/index.php\/wp-json\/wp\/v2\/posts\/2837","targetHints":{"allow":["GET"]}}],"collection":[{"href":"https:\/\/christliche-mitte.de\/index.php\/wp-json\/wp\/v2\/posts"}],"about":[{"href":"https:\/\/christliche-mitte.de\/index.php\/wp-json\/wp\/v2\/types\/post"}],"author":[{"embeddable":true,"href":"https:\/\/christliche-mitte.de\/index.php\/wp-json\/wp\/v2\/users\/1"}],"replies":[{"embeddable":true,"href":"https:\/\/christliche-mitte.de\/index.php\/wp-json\/wp\/v2\/comments?post=2837"}],"version-history":[{"count":3,"href":"https:\/\/christliche-mitte.de\/index.php\/wp-json\/wp\/v2\/posts\/2837\/revisions"}],"predecessor-version":[{"id":2840,"href":"https:\/\/christliche-mitte.de\/index.php\/wp-json\/wp\/v2\/posts\/2837\/revisions\/2840"}],"wp:featuredmedia":[{"embeddable":true,"href":"https:\/\/christliche-mitte.de\/index.php\/wp-json\/wp\/v2\/media\/1951"}],"wp:attachment":[{"href":"https:\/\/christliche-mitte.de\/index.php\/wp-json\/wp\/v2\/media?parent=2837"}],"wp:term":[{"taxonomy":"category","embeddable":true,"href":"https:\/\/christliche-mitte.de\/index.php\/wp-json\/wp\/v2\/categories?post=2837"},{"taxonomy":"post_tag","embeddable":true,"href":"https:\/\/christliche-mitte.de\/index.php\/wp-json\/wp\/v2\/tags?post=2837"}],"curies":[{"name":"wp","href":"https:\/\/api.w.org\/{rel}","templated":true}]}}