{"id":2811,"date":"2019-07-05T21:59:21","date_gmt":"2019-07-05T19:59:21","guid":{"rendered":"https:\/\/christliche-mitte.de\/?p=2811"},"modified":"2019-07-05T22:15:10","modified_gmt":"2019-07-05T20:15:10","slug":"kathedrale-in-flammen","status":"publish","type":"post","link":"https:\/\/christliche-mitte.de\/index.php\/2019\/07\/05\/kathedrale-in-flammen\/","title":{"rendered":"Kathedrale in Flammen"},"content":{"rendered":"<p class=\"GrundtextVorspann2017\">April 2019. Notre-Dame in Paris brennt. Ein Ungl\u00fcck bei Restaurierungen? Eine Katastrophe f\u00fcr die Christenheit!<\/p>\n<p class=\"Grundtext2017\">Der erste Kirchbau entsteht schon 550. Die jetzige gotische Kathedrale (130m x 48m) wird von 1163 bis 1345 erbaut und 1789 blasphemisch zum \u201eTempel der Vernunft\u201c. Sp\u00e4ter wird sie Weindepot, ab 1802 wieder Kirche zur sp\u00e4teren Kr\u00f6nung Napoleons. <span class=\"Grundfett\">Victor Hugos<\/span> Roman \u201eDer Gl\u00f6ckner von Notre-Dame\u201c setzt 1844 ihre Restaurierung in Gang. Frankreich, seit 1905 Besitzer von Notre-Dame, will 50 Mio. \u20ac zur Rettung geben.<br \/>\n1 Milliarde \u20ac spendeten Franzosen.<br \/>\nEin vergoldetes Teilst\u00fcck vom Kreuz CHRISTI und die Reliquie der Dornenkrone konnten gerettet werden<br \/>\n\u2013 Zeichen f\u00fcr den Sieg des Glaubens \u00fcber Tod und Vernichtung.<\/p>\n","protected":false},"excerpt":{"rendered":"<p>April 2019. Notre-Dame in Paris brennt. Ein Ungl\u00fcck bei Restaurierungen? Eine Katastrophe f\u00fcr die Christenheit! Der erste Kirchbau entsteht schon 550. Die jetzige gotische Kathedrale (130m x 48m) wird von 1163 bis 1345 erbaut und 1789 blasphemisch zum \u201eTempel der Vernunft\u201c. Sp\u00e4ter wird sie Weindepot, ab 1802 wieder Kirche zur sp\u00e4teren Kr\u00f6nung Napoleons. Victor Hugos&hellip;<\/p>\n","protected":false},"author":1,"featured_media":0,"comment_status":"open","ping_status":"open","sticky":false,"template":"","format":"standard","meta":{"footnotes":""},"categories":[72,21,4],"tags":[219,217,218],"class_list":["post-2811","post","type-post","status-publish","format-standard","hentry","category-informationen-aus-der-politik","category-religionen","category-kurier-der-christlichen-mitte","tag-der-gloeckner-von-notre-dame","tag-notre-dame","tag-paris","no-post-thumbnail","entry"],"_links":{"self":[{"href":"https:\/\/christliche-mitte.de\/index.php\/wp-json\/wp\/v2\/posts\/2811","targetHints":{"allow":["GET"]}}],"collection":[{"href":"https:\/\/christliche-mitte.de\/index.php\/wp-json\/wp\/v2\/posts"}],"about":[{"href":"https:\/\/christliche-mitte.de\/index.php\/wp-json\/wp\/v2\/types\/post"}],"author":[{"embeddable":true,"href":"https:\/\/christliche-mitte.de\/index.php\/wp-json\/wp\/v2\/users\/1"}],"replies":[{"embeddable":true,"href":"https:\/\/christliche-mitte.de\/index.php\/wp-json\/wp\/v2\/comments?post=2811"}],"version-history":[{"count":1,"href":"https:\/\/christliche-mitte.de\/index.php\/wp-json\/wp\/v2\/posts\/2811\/revisions"}],"predecessor-version":[{"id":2812,"href":"https:\/\/christliche-mitte.de\/index.php\/wp-json\/wp\/v2\/posts\/2811\/revisions\/2812"}],"wp:attachment":[{"href":"https:\/\/christliche-mitte.de\/index.php\/wp-json\/wp\/v2\/media?parent=2811"}],"wp:term":[{"taxonomy":"category","embeddable":true,"href":"https:\/\/christliche-mitte.de\/index.php\/wp-json\/wp\/v2\/categories?post=2811"},{"taxonomy":"post_tag","embeddable":true,"href":"https:\/\/christliche-mitte.de\/index.php\/wp-json\/wp\/v2\/tags?post=2811"}],"curies":[{"name":"wp","href":"https:\/\/api.w.org\/{rel}","templated":true}]}}