{"id":2804,"date":"2019-07-05T21:45:59","date_gmt":"2019-07-05T19:45:59","guid":{"rendered":"https:\/\/christliche-mitte.de\/?p=2804"},"modified":"2019-07-05T21:50:38","modified_gmt":"2019-07-05T19:50:38","slug":"muetter-wollen-kinder","status":"publish","type":"post","link":"https:\/\/christliche-mitte.de\/index.php\/2019\/07\/05\/muetter-wollen-kinder\/","title":{"rendered":"M\u00fctter wollen Kinder"},"content":{"rendered":"<p class=\"GrundtextVorspann2017\"><strong>87% aller Eltern wollen ihre Klein-Kinder selbst erziehen<\/strong>. Sie lehnen Fremd-Erziehung in Kinderkrippen f\u00fcr ihre 1-3j\u00e4hrigen ab.<\/p>\n<p class=\"Grundtext2017\">So die Emnid-Studie vom Mai 2017. Ende 2018 warnt Kinderarzt Prof. Dr. Dr. <span class=\"Grundfett\">Hellbr\u00fcgge<\/span> dar\u00fcber hinaus vor Infektions-Krankheiten in den staatlichen Betreuungs-Einrichtungen.<\/p>\n<p class=\"Grundtext2017\">Gest\u00fctzt wird er von Dr. <span class=\"Grundfett\">Linnea Sch\u00fcz-Havupalo,<\/span> die k\u00fcrzlich 1570 Kinder diesbez\u00fcglich untersuchte und beobachtete. Begleitet von der Geburt bis zum Alter von 3 Jahren, findet die \u00c4rztin heraus, da\u00df die H\u00e4ufigkeit an Erkrankungen in den Gruppen-Krippen zu\u00adnimmt, ebenso die verabreichten Antibiotika.<br \/>\n<strong>Deutschland braucht Familien, nicht neue Kinderkrippen-Pl\u00e4tze!<\/strong><\/p>\n<p class=\"Grundtext2017\"><span class=\"Grundkurisv\"><strong>CM-Brosch\u00fcre<\/strong>: <a href=\"https:\/\/christliche-mitte.de\/index.php\/produkt\/schenk-mit-das-leben\/\">Schenk mir das\u2008Leben<\/a> (2 \u20ac)<\/span><\/p>\n","protected":false},"excerpt":{"rendered":"<p>87% aller Eltern wollen ihre Klein-Kinder selbst erziehen. Sie lehnen Fremd-Erziehung in Kinderkrippen f\u00fcr ihre 1-3j\u00e4hrigen ab. So die Emnid-Studie vom Mai 2017. Ende 2018 warnt Kinderarzt Prof. Dr. Dr. Hellbr\u00fcgge dar\u00fcber hinaus vor Infektions-Krankheiten in den staatlichen Betreuungs-Einrichtungen. Gest\u00fctzt wird er von Dr. Linnea Sch\u00fcz-Havupalo, die k\u00fcrzlich 1570 Kinder diesbez\u00fcglich untersuchte und beobachtete. Begleitet&hellip;<\/p>\n","protected":false},"author":1,"featured_media":2806,"comment_status":"open","ping_status":"open","sticky":false,"template":"","format":"standard","meta":{"footnotes":""},"categories":[75,63,4],"tags":[216],"class_list":["post-2804","post","type-post","status-publish","format-standard","has-post-thumbnail","hentry","category-familie","category-lebensschutz-aller-menschen","category-kurier-der-christlichen-mitte","tag-kinderkrippen","entry"],"_links":{"self":[{"href":"https:\/\/christliche-mitte.de\/index.php\/wp-json\/wp\/v2\/posts\/2804","targetHints":{"allow":["GET"]}}],"collection":[{"href":"https:\/\/christliche-mitte.de\/index.php\/wp-json\/wp\/v2\/posts"}],"about":[{"href":"https:\/\/christliche-mitte.de\/index.php\/wp-json\/wp\/v2\/types\/post"}],"author":[{"embeddable":true,"href":"https:\/\/christliche-mitte.de\/index.php\/wp-json\/wp\/v2\/users\/1"}],"replies":[{"embeddable":true,"href":"https:\/\/christliche-mitte.de\/index.php\/wp-json\/wp\/v2\/comments?post=2804"}],"version-history":[{"count":1,"href":"https:\/\/christliche-mitte.de\/index.php\/wp-json\/wp\/v2\/posts\/2804\/revisions"}],"predecessor-version":[{"id":2805,"href":"https:\/\/christliche-mitte.de\/index.php\/wp-json\/wp\/v2\/posts\/2804\/revisions\/2805"}],"wp:featuredmedia":[{"embeddable":true,"href":"https:\/\/christliche-mitte.de\/index.php\/wp-json\/wp\/v2\/media\/2806"}],"wp:attachment":[{"href":"https:\/\/christliche-mitte.de\/index.php\/wp-json\/wp\/v2\/media?parent=2804"}],"wp:term":[{"taxonomy":"category","embeddable":true,"href":"https:\/\/christliche-mitte.de\/index.php\/wp-json\/wp\/v2\/categories?post=2804"},{"taxonomy":"post_tag","embeddable":true,"href":"https:\/\/christliche-mitte.de\/index.php\/wp-json\/wp\/v2\/tags?post=2804"}],"curies":[{"name":"wp","href":"https:\/\/api.w.org\/{rel}","templated":true}]}}