{"id":2802,"date":"2019-07-05T21:40:03","date_gmt":"2019-07-05T19:40:03","guid":{"rendered":"https:\/\/christliche-mitte.de\/?p=2802"},"modified":"2019-07-05T21:42:26","modified_gmt":"2019-07-05T19:42:26","slug":"verrueckte-gender-welt","status":"publish","type":"post","link":"https:\/\/christliche-mitte.de\/index.php\/2019\/07\/05\/verrueckte-gender-welt\/","title":{"rendered":"Verr\u00fcckte Gender-Welt"},"content":{"rendered":"<p>In den USA halten sich 150.000 Jugendliche (13-17 Jahre alt) f\u00fcr \u201etransgender\u201c, also weder f\u00fcr Mann oder Frau. Wissenschaftler haben jetzt herausgefunden: Die meisten wollen lediglich auf sich aufmerksam machen.<\/p>\n<p><strong><span style=\"color: #000000;\">In Deutschland wurde der \u201eGenderismus\u201c 1999 durch Bundeskanzler Schr\u00f6der<\/span><\/strong> (SPD) in die Politik als Leitlinie eingef\u00fchrt. Per Kabinett-Beschlu\u00df. Damit zieht die BRD am gleichen Strang wie ganz Europa. Urspr\u00fcnglich ging es nur um die finanzielle Gleichstellung von Frauen im Berufsleben, doch dann kam der biologische Gleichheits-Wahn hinzu. Umwandlungen von M\u00e4nnern in Frauen \u2013 und umgekehrt \u2013 per Hormone und OP. Folge: Identit\u00e4tsverlust und Schaden an der Seele. Und ein kompliziertes Miteinander im Alltag. An der Uni G\u00f6ttingen existiert z.B. 2019 eine \u201eHerren Trans*InterToilette\u201c:<br \/>\nDoch was ist das?!<br \/>\nDas Verh\u00e4ltnis zwischen den Geschlechtern ist gest\u00f6rt, die g\u00f6ttliche Sch\u00f6pfungs-Ordnung pervertiert.<br \/>\nOder an der Stiftungs-Uni L\u00fcneburg:<br \/>\nDie Vorbedingung f\u00fcr eine Einstellung als Lehrkraft ist eine abgeschlossene Ausbildung in \u201eGender-Studien\u201c.<br \/>\n<span style=\"color: #993366;\"><strong>Was f\u00fcr eine Generation soll hier demn\u00e4chst ausgebildet werden?!<\/strong><\/span><br \/>\nDie Bielefelder Uni ist so obsz\u00f6n, sogar ein Seminar f\u00fcr Selbstbefriedigung anzubieten: \u201eNur f\u00fcr Frauen und trans\u201c (250 \u20ac).<br \/>\n<span style=\"color: #000000;\"><strong>Deutschland und Europa zerst\u00f6ren sich selbst!<\/strong><\/span><\/p>\n<p><strong>CM-Verteilblatt:<\/strong> <a href=\"https:\/\/christliche-mitte.de\/index.php\/produkt\/was-ist-sex-politik\/\">Gleichheits-Wahn<\/a><\/p>\n","protected":false},"excerpt":{"rendered":"<p>In den USA halten sich 150.000 Jugendliche (13-17 Jahre alt) f\u00fcr \u201etransgender\u201c, also weder f\u00fcr Mann oder Frau. Wissenschaftler haben jetzt herausgefunden: Die meisten wollen lediglich auf sich aufmerksam machen. In Deutschland wurde der \u201eGenderismus\u201c 1999 durch Bundeskanzler Schr\u00f6der (SPD) in die Politik als Leitlinie eingef\u00fchrt. Per Kabinett-Beschlu\u00df. Damit zieht die BRD am gleichen Strang&hellip;<\/p>\n","protected":false},"author":1,"featured_media":1928,"comment_status":"open","ping_status":"open","sticky":false,"template":"","format":"standard","meta":{"footnotes":""},"categories":[54,4],"tags":[183,215],"class_list":["post-2802","post","type-post","status-publish","format-standard","has-post-thumbnail","hentry","category-gender-sexualitaet","category-kurier-der-christlichen-mitte","tag-gender","tag-genderismus","entry"],"_links":{"self":[{"href":"https:\/\/christliche-mitte.de\/index.php\/wp-json\/wp\/v2\/posts\/2802","targetHints":{"allow":["GET"]}}],"collection":[{"href":"https:\/\/christliche-mitte.de\/index.php\/wp-json\/wp\/v2\/posts"}],"about":[{"href":"https:\/\/christliche-mitte.de\/index.php\/wp-json\/wp\/v2\/types\/post"}],"author":[{"embeddable":true,"href":"https:\/\/christliche-mitte.de\/index.php\/wp-json\/wp\/v2\/users\/1"}],"replies":[{"embeddable":true,"href":"https:\/\/christliche-mitte.de\/index.php\/wp-json\/wp\/v2\/comments?post=2802"}],"version-history":[{"count":1,"href":"https:\/\/christliche-mitte.de\/index.php\/wp-json\/wp\/v2\/posts\/2802\/revisions"}],"predecessor-version":[{"id":2803,"href":"https:\/\/christliche-mitte.de\/index.php\/wp-json\/wp\/v2\/posts\/2802\/revisions\/2803"}],"wp:featuredmedia":[{"embeddable":true,"href":"https:\/\/christliche-mitte.de\/index.php\/wp-json\/wp\/v2\/media\/1928"}],"wp:attachment":[{"href":"https:\/\/christliche-mitte.de\/index.php\/wp-json\/wp\/v2\/media?parent=2802"}],"wp:term":[{"taxonomy":"category","embeddable":true,"href":"https:\/\/christliche-mitte.de\/index.php\/wp-json\/wp\/v2\/categories?post=2802"},{"taxonomy":"post_tag","embeddable":true,"href":"https:\/\/christliche-mitte.de\/index.php\/wp-json\/wp\/v2\/tags?post=2802"}],"curies":[{"name":"wp","href":"https:\/\/api.w.org\/{rel}","templated":true}]}}