{"id":2775,"date":"2019-07-04T21:52:15","date_gmt":"2019-07-04T19:52:15","guid":{"rendered":"https:\/\/christliche-mitte.de\/?p=2775"},"modified":"2019-07-04T21:52:15","modified_gmt":"2019-07-04T19:52:15","slug":"was-geschieht-in-islamischen-kindergaerten","status":"publish","type":"post","link":"https:\/\/christliche-mitte.de\/index.php\/2019\/07\/04\/was-geschieht-in-islamischen-kindergaerten\/","title":{"rendered":"Was geschieht in islamischen Kinderg\u00e4rten?"},"content":{"rendered":"<p><strong>Bei 2.000 Kindern in islamischen Kinderg\u00e4rten Wiens stellte der islamische Religions-P\u00e4dagoge Ednan Aslan fest:<\/strong><br \/>\n<span style=\"color: #800000;\">Kindern wird beigebracht, nicht mit \u201eAlkohol-Trinkern oder Schweinefleisch-Essern\u201c zusammenzusein.<\/span><\/p>\n<p><strong>Dazu z\u00e4hlen in muslimischen Augen auch Christen.<\/strong><br \/>\nIslamischer Religionsunterricht wird \u201ein \u00dcbereinstimmung mit den Grunds\u00e4tzen der Religionsgemeinschaft erteilt\u201c, so Ednan Aslan. W\u00f6rtlich: \u201eDieses Recht auf einen eigenen Religionsunterricht steht auch den Muslimen zu, sofern sie sich als Religionsgemeinschaft organisieren.\u201c In Deutschland geh\u00f6rt Religionsunterricht zur Religionsfreiheit. Diese ist staatlich garantiert.<br \/>\nEin Religionsunterricht, der den Koran lehrt, tr\u00e4gt aber zur Radikalisierung der Sch\u00fclerinnen und Sch\u00fcler bei. Gef\u00e4hrlich auch gemeinsamer Religionsunterricht von Muslimen und christlichen Sch\u00fclern, denn die christlichen Glaubenswahrheiten werden dort verw\u00e4ssert und verf\u00e4lscht. Deutschland untergr\u00e4bt damit seine eigenen christlichen Wurzeln. Immer weniger deutsche Kinder kennen die Lehre JESU.<br \/>\n<strong>Hier sind wir aufgerufen,<\/strong> unseren Kindern den Unterschied von Islam und Christentum zu erkl\u00e4ren.<br \/>\n<strong>CM-Buch:<\/strong><a href=\"https:\/\/christliche-mitte.de\/index.php\/produkt\/muslime-erobern-deutschland-eine-dokumentation\/\"> Muslime erobern Deutschland<\/a> (5 \u20ac)<\/p>\n","protected":false},"excerpt":{"rendered":"<p>Bei 2.000 Kindern in islamischen Kinderg\u00e4rten Wiens stellte der islamische Religions-P\u00e4dagoge Ednan Aslan fest: Kindern wird beigebracht, nicht mit \u201eAlkohol-Trinkern oder Schweinefleisch-Essern\u201c zusammenzusein. Dazu z\u00e4hlen in muslimischen Augen auch Christen. Islamischer Religionsunterricht wird \u201ein \u00dcbereinstimmung mit den Grunds\u00e4tzen der Religionsgemeinschaft erteilt\u201c, so Ednan Aslan. W\u00f6rtlich: \u201eDieses Recht auf einen eigenen Religionsunterricht steht auch den Muslimen&hellip;<\/p>\n","protected":false},"author":1,"featured_media":1821,"comment_status":"open","ping_status":"open","sticky":false,"template":"","format":"standard","meta":{"footnotes":""},"categories":[70,4],"tags":[194,195,196],"class_list":["post-2775","post","type-post","status-publish","format-standard","has-post-thumbnail","hentry","category-islam","category-kurier-der-christlichen-mitte","tag-islamischer-religionsunterricht","tag-kindergarten","tag-muslim","entry"],"_links":{"self":[{"href":"https:\/\/christliche-mitte.de\/index.php\/wp-json\/wp\/v2\/posts\/2775","targetHints":{"allow":["GET"]}}],"collection":[{"href":"https:\/\/christliche-mitte.de\/index.php\/wp-json\/wp\/v2\/posts"}],"about":[{"href":"https:\/\/christliche-mitte.de\/index.php\/wp-json\/wp\/v2\/types\/post"}],"author":[{"embeddable":true,"href":"https:\/\/christliche-mitte.de\/index.php\/wp-json\/wp\/v2\/users\/1"}],"replies":[{"embeddable":true,"href":"https:\/\/christliche-mitte.de\/index.php\/wp-json\/wp\/v2\/comments?post=2775"}],"version-history":[{"count":1,"href":"https:\/\/christliche-mitte.de\/index.php\/wp-json\/wp\/v2\/posts\/2775\/revisions"}],"predecessor-version":[{"id":2776,"href":"https:\/\/christliche-mitte.de\/index.php\/wp-json\/wp\/v2\/posts\/2775\/revisions\/2776"}],"wp:featuredmedia":[{"embeddable":true,"href":"https:\/\/christliche-mitte.de\/index.php\/wp-json\/wp\/v2\/media\/1821"}],"wp:attachment":[{"href":"https:\/\/christliche-mitte.de\/index.php\/wp-json\/wp\/v2\/media?parent=2775"}],"wp:term":[{"taxonomy":"category","embeddable":true,"href":"https:\/\/christliche-mitte.de\/index.php\/wp-json\/wp\/v2\/categories?post=2775"},{"taxonomy":"post_tag","embeddable":true,"href":"https:\/\/christliche-mitte.de\/index.php\/wp-json\/wp\/v2\/tags?post=2775"}],"curies":[{"name":"wp","href":"https:\/\/api.w.org\/{rel}","templated":true}]}}