{"id":2749,"date":"2019-06-11T22:35:07","date_gmt":"2019-06-11T20:35:07","guid":{"rendered":"https:\/\/christliche-mitte.de\/?p=2749"},"modified":"2019-06-11T22:36:50","modified_gmt":"2019-06-11T20:36:50","slug":"feuer-der-jugend","status":"publish","type":"post","link":"https:\/\/christliche-mitte.de\/index.php\/2019\/06\/11\/feuer-der-jugend\/","title":{"rendered":"Feuer der Jugend"},"content":{"rendered":"<p>Mit Herzblut pflegt er Kranke aus Liebe zu GOTT und den Menschen. 23 Jahre alt stirbt er, doch seine Seele ist voller Freude.<\/p>\n<p>Tatendrang, eisernen Willen und eine hohe intellektuelle Begabung zeigt Aloisius von Gonzaga<br \/>\n(\u2020 1591) schon als Kind. Geboren als Sohn eines Grafen im Schlo\u00df zu Castiglione delle Stiviere bei Mantua, Italien, wird er an den F\u00fcrstenh\u00f6fen in Florenz und Man\u00adtua erzogen. Seine Besonderheit: Eine furchtlose Fr\u00f6mmigkeit.<\/p>\n<p><strong>Alles f\u00fcr den Himmel<\/strong><\/p>\n<p>Als Aloisius 12 Jahre alt ist, wird er dem Mail\u00e4nder Erzbischof Carl Borromeo vorgestellt und empf\u00e4ngt seine Erst-Kommunion aus der Hand des Bischofs. Bei jeder Entscheidung fragt sich der Junge nun: \u201eWas hilft mir das f\u00fcr die Ewigkeit?\u201c Nicht hier auf der Erde will Aloisius gl\u00fccklich werden, sondern gottgef\u00e4llig leben, um in Ewigkeit selig zu sein. Er wei\u00df: Nur wenn ich hier auf Erden GOTT gefalle, wird ER mich in Sein Reich einlassen. Der Jugendliche verzichtet auf sein Erbe und die Marktgrafenw\u00fcrde, da er sp\u00fcrt, da\u00df ihm weltliche G\u00fcter und Ehren ein Hindernis auf dem Weg zum ewigen Heil sein werden. Er begeistert sich aber f\u00fcr das Ordensleben und Priestertum \u2013 entgegen dem Willen des Vaters \u2013 und erkennt hierin seine Berufung. 1585 wird Aloisius Jesuit in Rom, wenig sp\u00e4ter erh\u00e4lt er die niederen Weihen am R\u00f6mischen Kolleg.<\/p>\n<p><strong>Alles f\u00fcr die Menschen<\/strong><\/p>\n<p>Der junge Kleriker entwickelt sich zu einem gro\u00dfen Beter: Stundenlang kniet er vor dem Tabernakel. Gleichzeitig w\u00e4chst seine N\u00e4chsten-Liebe.<\/p>\n<p>Als die Pest in Rom ausbricht, erbittet er sich die Erlaubnis von seinem Ordens-Oberen, im Krankenhaus St. Maria della Consolazione Kranke pflegen zu d\u00fcrfen. Eigenh\u00e4ndig sammelt Aloisius die Pest-Kranken von den Stra\u00dfen und tr\u00e4gt sie unter Ansteckungs-Gefahr ins Hospital.<\/p>\n<p>Wenig sp\u00e4ter erkrankt er selbst an der Pest, leidet unter einem langwierigen Fieber und ist 1591 vom Tode gezeichnet. Sein letzter Wunsch an GOTT: In der Oktav von Fronleichnam sterben zu d\u00fcrfen.<\/p>\n<p>Beim Kommunion-Empfang w\u00e4h\u00adrend der letzten \u00d6lung betet er mit den Worten der Sakraments-Anbetung: \u201eO JESUS, den verh\u00fcllt jetzt nur mein Auge sieht, wann stillst Du das Sehnen, das in mir gl\u00fcht: Da\u00df ich Dich anschaue von Angesicht!\u201c Bald darauf stirbt er, kurz vor seiner Priesterweihe, im 4. Studienjahr. Er ist 23 Jahre alt. Paul V. spricht ihn 1605 selig, so da\u00df er in Italien als F\u00fcrsprecher bei GOTT angerufen werden darf. Papst Benedikt XIII. spricht ihn 1729 heilig und \u00f6ffnet damit weltweit die T\u00fcr zu seiner Verehrung. Die klassische Liturgie gedenkt seiner jedes Jahr am 21. Juni.<br \/>\n<span style=\"color: #999999;\"><em>Sr. Maria Anja<\/em><\/span><\/p>\n<p><strong>CM-Buch:<a href=\"https:\/\/christliche-mitte.de\/index.php\/produkt\/wunder-heute-gott-ist-das\/\"> Wunder heute<\/a> <\/strong>(5 \u20ac)<\/p>\n","protected":false},"excerpt":{"rendered":"<p>Mit Herzblut pflegt er Kranke aus Liebe zu GOTT und den Menschen. 23 Jahre alt stirbt er, doch seine Seele ist voller Freude. Tatendrang, eisernen Willen und eine hohe intellektuelle Begabung zeigt Aloisius von Gonzaga (\u2020 1591) schon als Kind. Geboren als Sohn eines Grafen im Schlo\u00df zu Castiglione delle Stiviere bei Mantua, Italien, wird&hellip;<\/p>\n","protected":false},"author":1,"featured_media":2751,"comment_status":"open","ping_status":"open","sticky":false,"template":"","format":"standard","meta":{"footnotes":""},"categories":[71,4],"tags":[],"class_list":["post-2749","post","type-post","status-publish","format-standard","has-post-thumbnail","hentry","category-christus-glaube","category-kurier-der-christlichen-mitte","entry"],"_links":{"self":[{"href":"https:\/\/christliche-mitte.de\/index.php\/wp-json\/wp\/v2\/posts\/2749","targetHints":{"allow":["GET"]}}],"collection":[{"href":"https:\/\/christliche-mitte.de\/index.php\/wp-json\/wp\/v2\/posts"}],"about":[{"href":"https:\/\/christliche-mitte.de\/index.php\/wp-json\/wp\/v2\/types\/post"}],"author":[{"embeddable":true,"href":"https:\/\/christliche-mitte.de\/index.php\/wp-json\/wp\/v2\/users\/1"}],"replies":[{"embeddable":true,"href":"https:\/\/christliche-mitte.de\/index.php\/wp-json\/wp\/v2\/comments?post=2749"}],"version-history":[{"count":1,"href":"https:\/\/christliche-mitte.de\/index.php\/wp-json\/wp\/v2\/posts\/2749\/revisions"}],"predecessor-version":[{"id":2750,"href":"https:\/\/christliche-mitte.de\/index.php\/wp-json\/wp\/v2\/posts\/2749\/revisions\/2750"}],"wp:featuredmedia":[{"embeddable":true,"href":"https:\/\/christliche-mitte.de\/index.php\/wp-json\/wp\/v2\/media\/2751"}],"wp:attachment":[{"href":"https:\/\/christliche-mitte.de\/index.php\/wp-json\/wp\/v2\/media?parent=2749"}],"wp:term":[{"taxonomy":"category","embeddable":true,"href":"https:\/\/christliche-mitte.de\/index.php\/wp-json\/wp\/v2\/categories?post=2749"},{"taxonomy":"post_tag","embeddable":true,"href":"https:\/\/christliche-mitte.de\/index.php\/wp-json\/wp\/v2\/tags?post=2749"}],"curies":[{"name":"wp","href":"https:\/\/api.w.org\/{rel}","templated":true}]}}