{"id":2678,"date":"2019-05-02T20:21:41","date_gmt":"2019-05-02T18:21:41","guid":{"rendered":"https:\/\/christliche-mitte.de\/?p=2678"},"modified":"2019-05-02T20:21:41","modified_gmt":"2019-05-02T18:21:41","slug":"schulen-in-mali-geschlossen","status":"publish","type":"post","link":"https:\/\/christliche-mitte.de\/index.php\/2019\/05\/02\/schulen-in-mali-geschlossen\/","title":{"rendered":"Schulen in Mali geschlossen"},"content":{"rendered":"<p class=\"GrundtextVorspann2017\"><em>13.000 UN-Blauhelm-Soldaten helfen den 15 Mio Einwohnern von Mali in West-Afrika: Islamische Dschihadisten beherrschen den halben Staat.<\/em><\/p>\n<p class=\"Grundtext2017\">90% der Bev\u00f6lkerung sind Muslime, 5% Christen, die Kinder aber besuchen gemeinsam Staatschulen. Islamische Fundamentalisten der <span class=\"Grundfett\">Al Kaida<\/span>-Krieger greifen die Schulen an, verbrennen Schulb\u00fccher und gr\u00fcnden Koran-Schulen. An diesen wird in erster Linie der \u201eHeilige Krieg\u201c (Dschihad) anhand des Koran gelehrt.<br \/>\nDas hei\u00dft, Al Kaida bek\u00e4mpft nicht nur Christen, sondern auch gem\u00e4\u00dfigte Muslime und den Staat. 1,2 Mio Kinder gehen nicht mehr zur Schule, sondern bleiben daheim. Noch funktionierende Klassen bestehen aus bis zu 80 Sch\u00fclern, die R\u00e4ume sind ohne Fenster.<br \/>\nMali geh\u00f6rt zu den 15 \u00e4rmsten L\u00e4ndern der Welt. M\u00e4dchen erhalten die geringste Ausbildung, weil sie sehr jung verheiratet werden.<br \/>\nDer Einsatz der Blauhelme kostet f\u00fcr Deutschland 270 Mio \u20ac im Jahr. Der Bischof von Mali ist ein ehemaliger Muslim und bittet um Gebet.<br \/>\n<span class=\"Grundkurisv\"><strong>CM-Brosch\u00fcre:<\/strong> <a href=\"https:\/\/christliche-mitte.de\/index.php\/produkt\/islamischer-terror\/\">Islamischer Terror<\/a> (2 \u20ac)<\/span><\/p>\n","protected":false},"excerpt":{"rendered":"<p>13.000 UN-Blauhelm-Soldaten helfen den 15 Mio Einwohnern von Mali in West-Afrika: Islamische Dschihadisten beherrschen den halben Staat. 90% der Bev\u00f6lkerung sind Muslime, 5% Christen, die Kinder aber besuchen gemeinsam Staatschulen. Islamische Fundamentalisten der Al Kaida-Krieger greifen die Schulen an, verbrennen Schulb\u00fccher und gr\u00fcnden Koran-Schulen. An diesen wird in erster Linie der \u201eHeilige Krieg\u201c (Dschihad) anhand&hellip;<\/p>\n","protected":false},"author":1,"featured_media":1821,"comment_status":"open","ping_status":"open","sticky":false,"template":"","format":"standard","meta":{"footnotes":""},"categories":[70,4],"tags":[],"class_list":["post-2678","post","type-post","status-publish","format-standard","has-post-thumbnail","hentry","category-islam","category-kurier-der-christlichen-mitte","entry"],"_links":{"self":[{"href":"https:\/\/christliche-mitte.de\/index.php\/wp-json\/wp\/v2\/posts\/2678","targetHints":{"allow":["GET"]}}],"collection":[{"href":"https:\/\/christliche-mitte.de\/index.php\/wp-json\/wp\/v2\/posts"}],"about":[{"href":"https:\/\/christliche-mitte.de\/index.php\/wp-json\/wp\/v2\/types\/post"}],"author":[{"embeddable":true,"href":"https:\/\/christliche-mitte.de\/index.php\/wp-json\/wp\/v2\/users\/1"}],"replies":[{"embeddable":true,"href":"https:\/\/christliche-mitte.de\/index.php\/wp-json\/wp\/v2\/comments?post=2678"}],"version-history":[{"count":1,"href":"https:\/\/christliche-mitte.de\/index.php\/wp-json\/wp\/v2\/posts\/2678\/revisions"}],"predecessor-version":[{"id":2679,"href":"https:\/\/christliche-mitte.de\/index.php\/wp-json\/wp\/v2\/posts\/2678\/revisions\/2679"}],"wp:featuredmedia":[{"embeddable":true,"href":"https:\/\/christliche-mitte.de\/index.php\/wp-json\/wp\/v2\/media\/1821"}],"wp:attachment":[{"href":"https:\/\/christliche-mitte.de\/index.php\/wp-json\/wp\/v2\/media?parent=2678"}],"wp:term":[{"taxonomy":"category","embeddable":true,"href":"https:\/\/christliche-mitte.de\/index.php\/wp-json\/wp\/v2\/categories?post=2678"},{"taxonomy":"post_tag","embeddable":true,"href":"https:\/\/christliche-mitte.de\/index.php\/wp-json\/wp\/v2\/tags?post=2678"}],"curies":[{"name":"wp","href":"https:\/\/api.w.org\/{rel}","templated":true}]}}