{"id":2627,"date":"2020-07-03T11:38:06","date_gmt":"2020-07-03T09:38:06","guid":{"rendered":"https:\/\/christliche-mitte.de\/?p=2627"},"modified":"2020-07-03T11:38:08","modified_gmt":"2020-07-03T09:38:08","slug":"jupp-sepp-beppi-oder-joseph-2","status":"publish","type":"post","link":"https:\/\/christliche-mitte.de\/index.php\/2020\/07\/03\/jupp-sepp-beppi-oder-joseph-2\/","title":{"rendered":"Jupp, Sepp, Beppi oder Joseph"},"content":{"rendered":"<p><strong>Im bayerischen Weitnau existiert ein Verein, um den Namen Joseph wieder zu verbreiten.<\/strong><\/p>\n<p>\u201eJoseph\u201c ist inzwischen auf den 165. Rang der deutschen Namensliste abgerutscht. Das hat St. Joseph, der Pflegevater JESU, nicht verdient. Daher die Initiative in Bayern. F\u00fcr JESUS, den GOTT-Menschen, durfte der Zimmermann Joseph irdischer Vater sein: Erzieher, Freund und Helfer.&nbsp; Bevor JESUS 30 Jahre alt wird, stirbt Joseph, und das \u00f6ffentliche Wirken JESU als Wanderprediger beginnt. Der hl. Joseph ist Vorbild aller V\u00e4ter durch seine g\u00fctige Standhaftigkeit und sein Schweigen bei Widerw\u00e4rtigkeiten. Zweimal im Jahr \u2013 am 19. M\u00e4rz und am 1. Mai \u2013 wird der Pflegevater JESU kirchlich gefeiert. In Teilen \u00d6sterreichs, der Schweiz und Spaniens konnte sich der Staatsfeiertag am 19.3. behaupten. Der Volksmund h\u00e4lt fest: \u201eIst Joseph klar, folgt ein fruchtbar Jahr.\u201c <strong>Einige bayerische Gemeinden zahlen heute \u2013 traditionsbewu\u00dft \u2013 100 \u20ac an Einwohner, die ihr Baby Joseph nennen.<\/strong><\/p>\n","protected":false},"excerpt":{"rendered":"<p>Im bayerischen Weitnau existiert ein Verein, um den Namen Joseph wieder zu verbreiten. \u201eJoseph\u201c ist inzwischen auf den 165. Rang der deutschen Namensliste abgerutscht. Das hat St. Joseph, der Pflegevater JESU, nicht verdient. Daher die Initiative in Bayern. F\u00fcr JESUS, den GOTT-Menschen, durfte der Zimmermann Joseph irdischer Vater sein: Erzieher, Freund und Helfer.&nbsp; Bevor JESUS&hellip;<\/p>\n","protected":false},"author":1,"featured_media":0,"comment_status":"open","ping_status":"open","sticky":false,"template":"","format":"standard","meta":{"footnotes":""},"categories":[75,4],"tags":[],"class_list":["post-2627","post","type-post","status-publish","format-standard","hentry","category-familie","category-kurier-der-christlichen-mitte","no-post-thumbnail","entry"],"_links":{"self":[{"href":"https:\/\/christliche-mitte.de\/index.php\/wp-json\/wp\/v2\/posts\/2627","targetHints":{"allow":["GET"]}}],"collection":[{"href":"https:\/\/christliche-mitte.de\/index.php\/wp-json\/wp\/v2\/posts"}],"about":[{"href":"https:\/\/christliche-mitte.de\/index.php\/wp-json\/wp\/v2\/types\/post"}],"author":[{"embeddable":true,"href":"https:\/\/christliche-mitte.de\/index.php\/wp-json\/wp\/v2\/users\/1"}],"replies":[{"embeddable":true,"href":"https:\/\/christliche-mitte.de\/index.php\/wp-json\/wp\/v2\/comments?post=2627"}],"version-history":[{"count":1,"href":"https:\/\/christliche-mitte.de\/index.php\/wp-json\/wp\/v2\/posts\/2627\/revisions"}],"predecessor-version":[{"id":4052,"href":"https:\/\/christliche-mitte.de\/index.php\/wp-json\/wp\/v2\/posts\/2627\/revisions\/4052"}],"wp:attachment":[{"href":"https:\/\/christliche-mitte.de\/index.php\/wp-json\/wp\/v2\/media?parent=2627"}],"wp:term":[{"taxonomy":"category","embeddable":true,"href":"https:\/\/christliche-mitte.de\/index.php\/wp-json\/wp\/v2\/categories?post=2627"},{"taxonomy":"post_tag","embeddable":true,"href":"https:\/\/christliche-mitte.de\/index.php\/wp-json\/wp\/v2\/tags?post=2627"}],"curies":[{"name":"wp","href":"https:\/\/api.w.org\/{rel}","templated":true}]}}