{"id":2611,"date":"2019-03-26T22:03:58","date_gmt":"2019-03-26T20:03:58","guid":{"rendered":"https:\/\/christliche-mitte.de\/?p=2611"},"modified":"2019-03-26T22:03:58","modified_gmt":"2019-03-26T20:03:58","slug":"wunder-sind-tatsachen","status":"publish","type":"post","link":"https:\/\/christliche-mitte.de\/index.php\/2019\/03\/26\/wunder-sind-tatsachen\/","title":{"rendered":"Wunder sind Tatsachen"},"content":{"rendered":"<p>Pers\u00f6nliche Wunder, die einem Einzelnen in einer Notlage helfen, gibt es auch heute. Unverhofft erf\u00e4hrt der Mensch Hilfe.<br \/>\nSeltener als fr\u00fcher, so scheint es. Die Menschen sind ja auch weniger fromm im 21. Jahrhundert als im Mittelalter \u2013 beten weniger und zweifeln mehr an der Existenz GOTTES heute. JAHWE aber ist der \u201eICH BIN DA\u201c.<\/p>\n<p><strong>Flucht vor dem Latein<\/strong><\/p>\n<p>Wir schreiben das Jahr 1623. Hie\u00adronymus Genin und sein j\u00fcngerer Bruder studieren Latein in Les Olli\u00e8res bei Genf in der Schweiz. Der Lateinlehrer ist unzufrieden mit Hieronymus, da dieser nicht gut gelernt hat. Beide Br\u00fcder entschlie\u00dfen sich, das Studium einfach abzubrechen und zu den Eltern zur\u00fcckzukehren. Fr\u00fchmorgens laufen sie fort, ohne jemandem Bescheid zu sagen. Die Buben erreichen den Flu\u00df Fier. Das Wasser tost, sie haben Angst, betreten aber die Br\u00fccke, die aus drei Planken besteht. In diesem Augenblick erinnern sich die Br\u00fcder an ihren vor kurzem verstorbenen Bischof Franz von Sales. Sie knieen nieder und bitten Franz von Sales, er m\u00f6ge sie besch\u00fctzen und gut am anderen Ufer ankommen lassen.<\/p>\n<p>Pl\u00f6tzlich schreit Hieronymus inmitten des Flusses auf: \u201eFranz von Sales, rette mich!\u201c Die Planken hatten nicht standgehalten, Hieronymus liegt in den Fluten, ruft nach dem Bruder. Der aber kann ihn nicht erreichen. Hiero\u00adnymus ertrinkt.<\/p>\n<p><strong>Hieronymus ist tot!<\/strong><\/p>\n<p>Der zur\u00fcckgebliebene Bruder l\u00e4uft weinend ins Dorf und holt Hilfe. Ein Suchtrupp wird aufgestellt. Ein Taucher riskiert sein Leben, um den Verschwundenen in den Fluten zu finden. Als der Taucher gerade aufgeben will, da das Wasser eisigkalt ist, entdeckt er pl\u00f6tzlich einen aufgedunsenen K\u00f6rper im Wasser. Die Leiche wird ins Dorf getragen. Der Pfarrer von Ville stellt den Tod fest. Die Beerdigung soll aber vom Pfarrer von Les Olli\u00e8res vorgenommen werden, da der Junge in dessen Pfarrei Latein studiert hat. Inzwischen ist das Grab ausgehoben. Als der Pfarrer von Les Olli\u00e8res eintrifft, fragt er nach der letzten Beichte des Toten und macht dem noch lebenden Bruder Vorw\u00fcrfe, da\u00df sie heimlich davongelaufen sind und so dies Unheil angerichtet haben. Der Pfarrer ist ersch\u00fcttert \u00fcber den Tod des Kindes und bittet\u00a0 Franz von Sales, F\u00fcrsprache bei GOTT einzulegen, da\u00df der Junge ins Leben zur\u00fcck\u00adkehrt. Noch eine Stunde betet der Geistliche allein am Leichnam.<\/p>\n<p>Jetzt aber greift GOTT ein: In dem Moment, als Hieronymus in den Sarg gelegt werden soll, hebt der Tote den Arm. Der j\u00fcngere Bruder vernimmt die Stimme des \u00c4lteren: \u201eO seliger Franz von Sales!\u201c<\/p>\n<p><strong>Hieronymus lebt!<\/strong><\/p>\n<p>Die Menge ist in Aufruhr: Ein Toter lebt wieder! Der Heilige Franz von Sales hat geholfen! Ein Wunder! Einzelne laufen entsetzt davon. Andere k\u00f6nnen sich vor Freude nicht halten. Dritte fallen in Ohnmacht. Die beiden Pfarrer fassen Hieronymus an der Hand und helfen ihm beim Aufstehen. Ein Wunder: Er ist nicht mehr h\u00e4\u00dflich und aufgedunsen, seine Augen sind nicht l\u00e4nger herausgetreten wie bei einer Wasserleiche. Hieronymus ist h\u00fcbsch wie ehedem. Seine ersten Worte: \u201eIch kenne den seligen Franz von Sales, er ist mir erschienen und hat mir seinen Segen gegeben!\u201c Der Junge wird in gute Kleider gesteckt und das TE DEUM vom Pfarrer angestimmt. Hieronymus entschlie\u00dft sich sp\u00e4ter, weiterzustudieren und wird selbst Priester.<br \/>\n<span style=\"color: #999999;\"><em>Sr. Maria Anja<\/em><\/span><\/p>\n<p><strong>CM-Buch:<\/strong> <a href=\"https:\/\/christliche-mitte.de\/index.php\/produkt\/wunder-heute-gott-ist-das\/\">Wunder heute<\/a> (5 \u20ac)<\/p>\n","protected":false},"excerpt":{"rendered":"<p>Pers\u00f6nliche Wunder, die einem Einzelnen in einer Notlage helfen, gibt es auch heute. Unverhofft erf\u00e4hrt der Mensch Hilfe. Seltener als fr\u00fcher, so scheint es. Die Menschen sind ja auch weniger fromm im 21. Jahrhundert als im Mittelalter \u2013 beten weniger und zweifeln mehr an der Existenz GOTTES heute. JAHWE aber ist der \u201eICH BIN DA\u201c.&hellip;<\/p>\n","protected":false},"author":1,"featured_media":0,"comment_status":"open","ping_status":"open","sticky":false,"template":"","format":"standard","meta":{"footnotes":""},"categories":[71,4],"tags":[],"class_list":["post-2611","post","type-post","status-publish","format-standard","hentry","category-christus-glaube","category-kurier-der-christlichen-mitte","no-post-thumbnail","entry"],"_links":{"self":[{"href":"https:\/\/christliche-mitte.de\/index.php\/wp-json\/wp\/v2\/posts\/2611","targetHints":{"allow":["GET"]}}],"collection":[{"href":"https:\/\/christliche-mitte.de\/index.php\/wp-json\/wp\/v2\/posts"}],"about":[{"href":"https:\/\/christliche-mitte.de\/index.php\/wp-json\/wp\/v2\/types\/post"}],"author":[{"embeddable":true,"href":"https:\/\/christliche-mitte.de\/index.php\/wp-json\/wp\/v2\/users\/1"}],"replies":[{"embeddable":true,"href":"https:\/\/christliche-mitte.de\/index.php\/wp-json\/wp\/v2\/comments?post=2611"}],"version-history":[{"count":1,"href":"https:\/\/christliche-mitte.de\/index.php\/wp-json\/wp\/v2\/posts\/2611\/revisions"}],"predecessor-version":[{"id":2612,"href":"https:\/\/christliche-mitte.de\/index.php\/wp-json\/wp\/v2\/posts\/2611\/revisions\/2612"}],"wp:attachment":[{"href":"https:\/\/christliche-mitte.de\/index.php\/wp-json\/wp\/v2\/media?parent=2611"}],"wp:term":[{"taxonomy":"category","embeddable":true,"href":"https:\/\/christliche-mitte.de\/index.php\/wp-json\/wp\/v2\/categories?post=2611"},{"taxonomy":"post_tag","embeddable":true,"href":"https:\/\/christliche-mitte.de\/index.php\/wp-json\/wp\/v2\/tags?post=2611"}],"curies":[{"name":"wp","href":"https:\/\/api.w.org\/{rel}","templated":true}]}}