{"id":2584,"date":"2019-03-03T23:23:42","date_gmt":"2019-03-03T21:23:42","guid":{"rendered":"https:\/\/christliche-mitte.de\/?p=2584"},"modified":"2019-03-03T23:23:42","modified_gmt":"2019-03-03T21:23:42","slug":"genderismus-im-kindergarten","status":"publish","type":"post","link":"https:\/\/christliche-mitte.de\/index.php\/2019\/03\/03\/genderismus-im-kindergarten\/","title":{"rendered":"\u201eGenderismus\u201c im Kindergarten"},"content":{"rendered":"<p class=\"GrundtextVorspann2017\">Die neue Handreichung f\u00fcr Kinderg\u00e4rtnerinnen der \u201eAmadeu Antonio Stiftung\u201c mit einem Vorwort der SPD-Bundesfamilienministerin Dr. Franziska Giffey (40) gibt \u201eRatschl\u00e4ge\u201c zur \u201eEnttarnung rechtsradikaler Kindergartenkinder\u201c.<\/p>\n<p class=\"Grundtext2017\">Was unter \u201erechtsradikalen Kindergartenkindern\u201c zu verstehen ist, wird in Fallbeispielen in der Brosch\u00fcre erkl\u00e4rt:<strong><em> \u201eIn einer Kita fallen zwei Geschwister auf, die besonders zur\u00fcckhaltend sind und wenig von zu Hause, z. B. vom Wochenende, erz\u00e4hlen. Gleichzeitig gibt es keine sogenannten Disziplinprobleme, diese Kinder scheinen besonders gut zu spuren. Das M\u00e4dchen tr\u00e4gt Kleider und Z\u00f6pfe, es wird zu Hause zu Haus- und Handarbeiten angeleitet.<\/em><\/strong>\u201c<br \/>\nDies sind nur einige \u201eKennzeichen\u201c. Die Schlu\u00dffolgerung daraus laut Brosch\u00fcre:<br \/>\n<strong><em>\u201eIm Fallbeispiel gibt es Hinweise darauf, da\u00df die Kinder in einem rechtsextremen v\u00f6lkischen El\u00adtern\u00adhaus aufwachsen. Die Erziehung in den Familien ist dabei sehr auf die Ausbildung klassischer Geschlechterrollen be\u00addacht.\u201c<\/em><\/strong><\/p>\n<p class=\"Grundtext2017\"><span style=\"color: #ff0000;\"><strong>Hier gilt es f\u00fcr uns Christen, entschieden NEIN zu sagen<\/strong><\/span>, denn die klassische Rollenverteilung zwischen Mann und Frau ist Teil der g\u00f6ttlichen Sch\u00f6pfungsordnung. Wir m\u00fcssen eine christliche Antwort auf unsere irdische und ewige Existenz vor GOTT geben. Helfen Sie mit, unsere Kinder zu retten: Fordern Sie unsere neuen Brosch\u00fcren an, zum Verteilen und zum Privat-Unterricht zu Hause. Lesen Sie Ihren Kindern aus unseren B\u00fcchern vor dem Einschlafengehen vor. Beten Sie mit Ihren Kindern den Rosenkranz. Sprechen Sie mit Ihren Kindern \u00fcber GOTT und Seine wunderbare Sch\u00f6pfungsordnung. Lehren Sie Ihre Kinder wieder Glaube, Liebe und Hoffnung, die allein der dreieine GOTT geben kann. JESUS hei\u00dft: \u201eGOTT rettet!\u201c<br \/>\n<span class=\"Grundkurisv\">CM-Brosch\u00fcre illustriert:<a href=\"https:\/\/christliche-mitte.de\/index.php\/produkt\/kinder-fragen-nach-gott\/\"> Kinder fragen nach GOTT<\/a> (5 \u20ac)<\/span><\/p>\n","protected":false},"excerpt":{"rendered":"<p>Die neue Handreichung f\u00fcr Kinderg\u00e4rtnerinnen der \u201eAmadeu Antonio Stiftung\u201c mit einem Vorwort der SPD-Bundesfamilienministerin Dr. Franziska Giffey (40) gibt \u201eRatschl\u00e4ge\u201c zur \u201eEnttarnung rechtsradikaler Kindergartenkinder\u201c. Was unter \u201erechtsradikalen Kindergartenkindern\u201c zu verstehen ist, wird in Fallbeispielen in der Brosch\u00fcre erkl\u00e4rt: \u201eIn einer Kita fallen zwei Geschwister auf, die besonders zur\u00fcckhaltend sind und wenig von zu Hause, z.&hellip;<\/p>\n","protected":false},"author":1,"featured_media":1928,"comment_status":"open","ping_status":"open","sticky":false,"template":"","format":"standard","meta":{"footnotes":""},"categories":[54,4],"tags":[],"class_list":["post-2584","post","type-post","status-publish","format-standard","has-post-thumbnail","hentry","category-gender-sexualitaet","category-kurier-der-christlichen-mitte","entry"],"_links":{"self":[{"href":"https:\/\/christliche-mitte.de\/index.php\/wp-json\/wp\/v2\/posts\/2584","targetHints":{"allow":["GET"]}}],"collection":[{"href":"https:\/\/christliche-mitte.de\/index.php\/wp-json\/wp\/v2\/posts"}],"about":[{"href":"https:\/\/christliche-mitte.de\/index.php\/wp-json\/wp\/v2\/types\/post"}],"author":[{"embeddable":true,"href":"https:\/\/christliche-mitte.de\/index.php\/wp-json\/wp\/v2\/users\/1"}],"replies":[{"embeddable":true,"href":"https:\/\/christliche-mitte.de\/index.php\/wp-json\/wp\/v2\/comments?post=2584"}],"version-history":[{"count":1,"href":"https:\/\/christliche-mitte.de\/index.php\/wp-json\/wp\/v2\/posts\/2584\/revisions"}],"predecessor-version":[{"id":2585,"href":"https:\/\/christliche-mitte.de\/index.php\/wp-json\/wp\/v2\/posts\/2584\/revisions\/2585"}],"wp:featuredmedia":[{"embeddable":true,"href":"https:\/\/christliche-mitte.de\/index.php\/wp-json\/wp\/v2\/media\/1928"}],"wp:attachment":[{"href":"https:\/\/christliche-mitte.de\/index.php\/wp-json\/wp\/v2\/media?parent=2584"}],"wp:term":[{"taxonomy":"category","embeddable":true,"href":"https:\/\/christliche-mitte.de\/index.php\/wp-json\/wp\/v2\/categories?post=2584"},{"taxonomy":"post_tag","embeddable":true,"href":"https:\/\/christliche-mitte.de\/index.php\/wp-json\/wp\/v2\/tags?post=2584"}],"curies":[{"name":"wp","href":"https:\/\/api.w.org\/{rel}","templated":true}]}}