{"id":2562,"date":"2019-02-28T23:19:02","date_gmt":"2019-02-28T21:19:02","guid":{"rendered":"https:\/\/christliche-mitte.de\/?p=2562"},"modified":"2019-02-28T23:19:33","modified_gmt":"2019-02-28T21:19:33","slug":"mut-zum-rosenkranz","status":"publish","type":"post","link":"https:\/\/christliche-mitte.de\/index.php\/2019\/02\/28\/mut-zum-rosenkranz\/","title":{"rendered":"Mut zum Rosenkranz"},"content":{"rendered":"<p>Jeder von uns ist ein Abraham. Der \u201eVater des Glaubens\u201c lebt uns vor, da\u00df wir uns auf die Verhei\u00dfungen GOTTES immer verlassen k\u00f6nnen. Glauben wir Seiner Verhei\u00dfung!<\/p>\n<p><strong>Beten wir t\u00e4glich den Rosenkranz,<\/strong> wie es die GOTTES-Mutter in Fatima (1917) und Lourdes (1858) gefordert hat? Beten wir ihn f\u00fcr den Frieden \u2013 den inneren und \u00e4u\u00dferen! Beten wir ihn f\u00fcr den Sieg \u00fcber den Islam und andere Irrlehren! Halten wir Stand im Guten, im Gebet, im Vertrauen, denn GOTT sorgt. Welcher Zusammenhalt zwischen den Christen, die zu uns zur Hl. Messe kommen: Fahrten von einer Stunde nehmen unsere Gemeindemitglieder auf sich, um die Sakramente zu empfangen. Gro\u00dfherzige Fahrgemeinschaften haben sich gebildet. Finanzielle Unterst\u00fctzung von Notleidenden existiert.<\/p>\n<p>Wer nicht mehr am Berufsleben teilnehmen kann oder durch eine schwere Krankheit ans Bett gefesselt ist, der kann zum Beter werden. Den Himmel best\u00fcrmen um Frieden und Re-Christianisierung. Wer seine Schmerzen und Einsamkeit in gottergebener Ruhe und Liebe tr\u00e4gt, macht viele Verfehlungen und S\u00fcnden gut und betet damit den GOTTES-Frieden herbei. Wer sich freut \u00fcber die Geburt eines Kindes, eine neue Arbeitsstelle, einen Ehepartner, der schenke GOTT seine Freude, damit ER sie allen zugutekommen lasse. So baut sich das GOTTES-Reich auf, auch in den aussichtslosen Situationen wird das Reich GOTTES wachsen wie ein Senfkorn (Mt 13, 31): \u201eGlaubt nur, denn ICH bin bei EUCH alle Tage, bis ans Ende der Welt!\u201c (Mt 28, 20), verhei\u00dft JESUS, und ER wird Sein Versprechen wahrmachen wie damals JAHWE seine Verhei\u00dfung an Abraham wahr machte.<br \/>\nK.G.<\/p>\n<p>Neu: CM-Flugblatt:<a href=\"https:\/\/christliche-mitte.de\/index.php\/produkt\/wie-bete-ich-den-rosenkranz\/\"> Wie bete ich den Rosenkranz<\/a>?<\/p>\n","protected":false},"excerpt":{"rendered":"<p>Jeder von uns ist ein Abraham. Der \u201eVater des Glaubens\u201c lebt uns vor, da\u00df wir uns auf die Verhei\u00dfungen GOTTES immer verlassen k\u00f6nnen. Glauben wir Seiner Verhei\u00dfung! Beten wir t\u00e4glich den Rosenkranz, wie es die GOTTES-Mutter in Fatima (1917) und Lourdes (1858) gefordert hat? Beten wir ihn f\u00fcr den Frieden \u2013 den inneren und \u00e4u\u00dferen!&hellip;<\/p>\n","protected":false},"author":1,"featured_media":1589,"comment_status":"open","ping_status":"open","sticky":false,"template":"","format":"standard","meta":{"footnotes":""},"categories":[71,4],"tags":[],"class_list":["post-2562","post","type-post","status-publish","format-standard","has-post-thumbnail","hentry","category-christus-glaube","category-kurier-der-christlichen-mitte","entry"],"_links":{"self":[{"href":"https:\/\/christliche-mitte.de\/index.php\/wp-json\/wp\/v2\/posts\/2562","targetHints":{"allow":["GET"]}}],"collection":[{"href":"https:\/\/christliche-mitte.de\/index.php\/wp-json\/wp\/v2\/posts"}],"about":[{"href":"https:\/\/christliche-mitte.de\/index.php\/wp-json\/wp\/v2\/types\/post"}],"author":[{"embeddable":true,"href":"https:\/\/christliche-mitte.de\/index.php\/wp-json\/wp\/v2\/users\/1"}],"replies":[{"embeddable":true,"href":"https:\/\/christliche-mitte.de\/index.php\/wp-json\/wp\/v2\/comments?post=2562"}],"version-history":[{"count":2,"href":"https:\/\/christliche-mitte.de\/index.php\/wp-json\/wp\/v2\/posts\/2562\/revisions"}],"predecessor-version":[{"id":2564,"href":"https:\/\/christliche-mitte.de\/index.php\/wp-json\/wp\/v2\/posts\/2562\/revisions\/2564"}],"wp:featuredmedia":[{"embeddable":true,"href":"https:\/\/christliche-mitte.de\/index.php\/wp-json\/wp\/v2\/media\/1589"}],"wp:attachment":[{"href":"https:\/\/christliche-mitte.de\/index.php\/wp-json\/wp\/v2\/media?parent=2562"}],"wp:term":[{"taxonomy":"category","embeddable":true,"href":"https:\/\/christliche-mitte.de\/index.php\/wp-json\/wp\/v2\/categories?post=2562"},{"taxonomy":"post_tag","embeddable":true,"href":"https:\/\/christliche-mitte.de\/index.php\/wp-json\/wp\/v2\/tags?post=2562"}],"curies":[{"name":"wp","href":"https:\/\/api.w.org\/{rel}","templated":true}]}}