{"id":254,"date":"2018-01-26T21:04:52","date_gmt":"2018-01-26T19:04:52","guid":{"rendered":"https:\/\/christliche-mitte.de\/?p=254"},"modified":"2018-01-26T21:04:52","modified_gmt":"2018-01-26T19:04:52","slug":"stoppen-verse-einen-panzer","status":"publish","type":"post","link":"https:\/\/christliche-mitte.de\/index.php\/2018\/01\/26\/stoppen-verse-einen-panzer\/","title":{"rendered":"Stoppen Verse einen Panzer?"},"content":{"rendered":"<p>Bedrohte Kultur wird \u00f6ffentlich beklagt. \u201eErinnerungs-Kultur\u201c reicht aber meist nur bis 1933 zur\u00fcck.<\/p>\n<p>Doch bedrohte christliche Kultur zu verteidigen, ist zuerst Sache der Christen selbst. Die Wurzeln Europas reichen bis in den Abendmahlssaal: \u201eTut das zu Meinem Ged\u00e4chtnis!\u201c (Lk 22,19). Christen haben also Grund, selbstbewu\u00dfter auf diese Wurzeln zu verweisen. Was w\u00e4re Europa ohne Kathedralen und Bach-Musik? Ohne Dante und Thomas von Aquin? Und ohne die christlichen Martyrer, um nur einige Wegweiser hin zu CHRISTUS zu nennen. Die Werte der Kultur ruhen auf dem Fundament des Kultes, der GOTTES-Verehrung, der Zehn Gebote, des \u201eGesamt-Kunstwerkes\u201c Me\u00dfopfer. Letzteres kennen, leben und lieben selbst viele Christen nicht tief genug, so da\u00df kulturelle Sumpfbl\u00fcten hochkommen.<\/p>\n<p>\u201eKein Gedicht hat je einen Panzer gestoppt\u201c, behauptet ein Moderner. Ich halte dagegen: Doch! Bei Lepanto (1571) stoppte der Rosenkranz den Islam, ebenso vor Wien (1683). Nicht ein einzelnes Gebet oder Gedicht ist kampf-entscheidend, sondern der be\u00adharrliche gemeinsame Flehruf zu GOTT, die Treue eines Volkes zu CHRISTUS, zur Bibel, zur Tradition der Liturgie. Ohne die Sprachkraft der Psalmen und ohne den Sabbat h\u00e4tte das verstreute alte Israel nicht wieder zusammengefunden, h\u00e4tte nicht \u00fcberlebt. Noch st\u00e4rker kann die Tradition des gefeierten CHRISTUS-Glaubens, die Erneuerung der Sonntags-Kultur, Europa wieder aufrichten.<br \/>\n<em><span style=\"color: #999999;\">Michael Feodor<\/span><\/em><\/p>\n","protected":false},"excerpt":{"rendered":"<p>Bedrohte Kultur wird \u00f6ffentlich beklagt. \u201eErinnerungs-Kultur\u201c reicht aber meist nur bis 1933 zur\u00fcck. Doch bedrohte christliche Kultur zu verteidigen, ist zuerst Sache der Christen selbst. Die Wurzeln Europas reichen bis in den Abendmahlssaal: \u201eTut das zu Meinem Ged\u00e4chtnis!\u201c (Lk 22,19). Christen haben also Grund, selbstbewu\u00dfter auf diese Wurzeln zu verweisen. Was w\u00e4re Europa ohne Kathedralen&hellip;<\/p>\n","protected":false},"author":1,"featured_media":0,"comment_status":"open","ping_status":"open","sticky":false,"template":"","format":"standard","meta":{"footnotes":""},"categories":[72,21],"tags":[],"class_list":["post-254","post","type-post","status-publish","format-standard","hentry","category-informationen-aus-der-politik","category-religionen","no-post-thumbnail","entry"],"_links":{"self":[{"href":"https:\/\/christliche-mitte.de\/index.php\/wp-json\/wp\/v2\/posts\/254","targetHints":{"allow":["GET"]}}],"collection":[{"href":"https:\/\/christliche-mitte.de\/index.php\/wp-json\/wp\/v2\/posts"}],"about":[{"href":"https:\/\/christliche-mitte.de\/index.php\/wp-json\/wp\/v2\/types\/post"}],"author":[{"embeddable":true,"href":"https:\/\/christliche-mitte.de\/index.php\/wp-json\/wp\/v2\/users\/1"}],"replies":[{"embeddable":true,"href":"https:\/\/christliche-mitte.de\/index.php\/wp-json\/wp\/v2\/comments?post=254"}],"version-history":[{"count":1,"href":"https:\/\/christliche-mitte.de\/index.php\/wp-json\/wp\/v2\/posts\/254\/revisions"}],"predecessor-version":[{"id":255,"href":"https:\/\/christliche-mitte.de\/index.php\/wp-json\/wp\/v2\/posts\/254\/revisions\/255"}],"wp:attachment":[{"href":"https:\/\/christliche-mitte.de\/index.php\/wp-json\/wp\/v2\/media?parent=254"}],"wp:term":[{"taxonomy":"category","embeddable":true,"href":"https:\/\/christliche-mitte.de\/index.php\/wp-json\/wp\/v2\/categories?post=254"},{"taxonomy":"post_tag","embeddable":true,"href":"https:\/\/christliche-mitte.de\/index.php\/wp-json\/wp\/v2\/tags?post=254"}],"curies":[{"name":"wp","href":"https:\/\/api.w.org\/{rel}","templated":true}]}}