{"id":2488,"date":"2019-02-08T10:07:58","date_gmt":"2019-02-08T08:07:58","guid":{"rendered":"https:\/\/christliche-mitte.de\/?p=2488"},"modified":"2019-02-08T10:50:59","modified_gmt":"2019-02-08T08:50:59","slug":"die-kraft-des-segnens","status":"publish","type":"post","link":"https:\/\/christliche-mitte.de\/index.php\/2019\/02\/08\/die-kraft-des-segnens\/","title":{"rendered":"Die Kraft des Segnens"},"content":{"rendered":"<p>Jeden Sonntag nach der Feier des heiligen Me\u00dfopfers bietet unser Pfarrer den Einzelsegen an. Warum? Haben nicht alle gerade erst den gemeinsamen Schlu\u00df-Segen empfangen?<\/p>\n<p><span style=\"color: #000080;\"><strong>Der Einzelsegen durch Handauflegung hat ein st\u00e4rkeres pers\u00f6nliches Element:<\/strong><\/span><br \/>\nDie Zuwendung GOTTES wird st\u00e4rker erfahren. \u00dcblich ist der Einzelsegen besonders auch als Primiz-Segen eines neu geweihten Priesters. Besondere Gnaden der Freude und des Friedens sind damit verbunden, denn durch die Hand des Priesters segnet GOTT selbst.<\/p>\n<p><strong>Biblische Wurzeln<\/strong><\/p>\n<p>Schon 1700 v. CHR. empf\u00e4ngt Jakob das Erstgeburts-Recht durch die Handauflegung und den Segen seines Vaters. Wie wichtig ihm dieser Segen war, zeigt sein Kampf mit seinem Bruder Esau, der die Handauflegung gegen einen Teller Linsen-Suppe eintauscht und nachher \u00fcber diesen billigen Verkauf trauert. 1200 v. CHR. legt Mose seinem Nachfolger Josua die H\u00e4nde auf und segnet damit dessen anstehendes Amt. Auch die Leviten im AT werden durch Handauflegung f\u00fcr den Tempel-Dienst geweiht. JESUS selbst segnet die Kinder auf diese Weise. Bevor Paulus und Barnabas zur ersten Missions-Reise aufbrechen, sprechen die Apostel \u00fcber sie den Segen, w\u00e4hrend sie ihnen die H\u00e4nde auflegen. Auf dieselbe Art empf\u00e4ngt der Priester bis heute die Priesterweihe von seinem Bischof.<\/p>\n<p><strong>GOTT segnet<\/strong><\/p>\n<p>JESUS segnet Kinder, Kranke, Seine Apostel und bei Seiner Himmelfahrt die ganze Welt. GOTT rettet durch Segen. ER macht alles heil im HEILIGEN GEIST \u2013 wenn der Mensch IHM nur genug Raum l\u00e4\u00dft. \u201eFrieden hinterlasse ICH euch\u201c, sind JESU Abschieds-Worte. So sollen auch Seine Nachfolger, die Priester und Bisch\u00f6fe, segnen und zum Segen f\u00fcr die Menschen werden. Aber auch jeder einzelne Gl\u00e4ubige soll zum Segen werden und im HEILIGEN GEIST seine Mitmenschen und die Welt segnen. Die Eltern, z. B. wenn sie ihr Kind zu Bett bringen oder auf den Weg in die Schule schicken. Die Ehe-Leute am Beginn und Ende jedes Tages. Segnen tr\u00e4gt zum Frieden bei, wenn wir Menschen, die uns wehtun, segnen, anstatt ihnen zu drohen und sie zu beschimpfen. GOTT m\u00f6chte, da\u00df Abraham zum Segen wird: Genauso sind wir selbst aufgerufen, zum Segen f\u00fcr die Welt zu werden.<br \/>\n<span style=\"color: #999999;\">Sr. Maria Anja<\/span><\/p>\n","protected":false},"excerpt":{"rendered":"<p>Jeden Sonntag nach der Feier des heiligen Me\u00dfopfers bietet unser Pfarrer den Einzelsegen an. Warum? Haben nicht alle gerade erst den gemeinsamen Schlu\u00df-Segen empfangen? Der Einzelsegen durch Handauflegung hat ein st\u00e4rkeres pers\u00f6nliches Element: Die Zuwendung GOTTES wird st\u00e4rker erfahren. \u00dcblich ist der Einzelsegen besonders auch als Primiz-Segen eines neu geweihten Priesters. Besondere Gnaden der Freude&hellip;<\/p>\n","protected":false},"author":1,"featured_media":0,"comment_status":"open","ping_status":"open","sticky":false,"template":"","format":"standard","meta":{"footnotes":""},"categories":[71,4],"tags":[],"class_list":["post-2488","post","type-post","status-publish","format-standard","hentry","category-christus-glaube","category-kurier-der-christlichen-mitte","no-post-thumbnail","entry"],"_links":{"self":[{"href":"https:\/\/christliche-mitte.de\/index.php\/wp-json\/wp\/v2\/posts\/2488","targetHints":{"allow":["GET"]}}],"collection":[{"href":"https:\/\/christliche-mitte.de\/index.php\/wp-json\/wp\/v2\/posts"}],"about":[{"href":"https:\/\/christliche-mitte.de\/index.php\/wp-json\/wp\/v2\/types\/post"}],"author":[{"embeddable":true,"href":"https:\/\/christliche-mitte.de\/index.php\/wp-json\/wp\/v2\/users\/1"}],"replies":[{"embeddable":true,"href":"https:\/\/christliche-mitte.de\/index.php\/wp-json\/wp\/v2\/comments?post=2488"}],"version-history":[{"count":1,"href":"https:\/\/christliche-mitte.de\/index.php\/wp-json\/wp\/v2\/posts\/2488\/revisions"}],"predecessor-version":[{"id":2489,"href":"https:\/\/christliche-mitte.de\/index.php\/wp-json\/wp\/v2\/posts\/2488\/revisions\/2489"}],"wp:attachment":[{"href":"https:\/\/christliche-mitte.de\/index.php\/wp-json\/wp\/v2\/media?parent=2488"}],"wp:term":[{"taxonomy":"category","embeddable":true,"href":"https:\/\/christliche-mitte.de\/index.php\/wp-json\/wp\/v2\/categories?post=2488"},{"taxonomy":"post_tag","embeddable":true,"href":"https:\/\/christliche-mitte.de\/index.php\/wp-json\/wp\/v2\/tags?post=2488"}],"curies":[{"name":"wp","href":"https:\/\/api.w.org\/{rel}","templated":true}]}}